{"id":1073,"date":"2014-11-18T18:14:18","date_gmt":"2014-11-18T18:14:18","guid":{"rendered":"http:\/\/www.liderazgoguatemala.org\/?p=1073"},"modified":"2014-11-18T18:14:18","modified_gmt":"2014-11-18T18:14:18","slug":"mi-familia-leadership","status":"publish","type":"post","link":"https:\/\/www.circulaguatemala.org\/en\/mi-familia-leadership\/","title":{"rendered":"Mi Familia Leadership"},"content":{"rendered":"<p><img loading=\"lazy\" decoding=\"async\" class=\"size-medium wp-image-1070 alignleft\" src=\"http:\/\/www.circulaguatemala.org\/wp-content\/uploads\/2014\/11\/Alva-Benilda-Batres-First-Generation-Leadership-220x300.jpg\" alt=\"Alva Benilda Batres- First Generation Leadership\" width=\"220\" height=\"300\" \/><\/p>\n<p>Los aires de noviembre traen a nuestra mente, recuerdos de ni\u00f1ez, dulces recuerdos de tardes de juegos, corriendo en las calles, volando barriletes, jugando trompos, yoyos o simplemente corriendo tras un grillo que se escapara entre los arbustos.\u00a0\u00a0 \u00a1 Aires de noviembre! A\u00f1oranza\u2026nostalgia por aquellos inigualables celajes chapines, atardeceres rom\u00e1nticos, pac\u00edficos, familiares.\u00a0\u00a0 \u00a1Aires de noviembre!<\/p>\n<p>Los aires de noviembre ya no son los mismos.\u00a0\u00a0 Hace dos a\u00f1os, traen nuevas vibras!\u00a0\u00a0 Fue hace dos a\u00f1os que recib\u00ed la primera informaci\u00f3n de la existencia de una organizaci\u00f3n cuyo objetivo principal era fomentar y fortalecer liderazgo guatemalteco.\u00a0\u00a0\u00a0\u00a0 No lo pens\u00e9 tanto, luego de unos meses recib\u00eda la sorpresiva noticia que hab\u00eda sido seleccionada para integrar el grupo que ser\u00eda la primera generaci\u00f3n de L\u00edderes egresados de la Escuela de Liderazgo de LEADERSHIP.<\/p>\n<p>Debo confesar que en mi vida hay un antes y un despu\u00e9s de mi experiencia Leadership.\u00a0\u00a0 En mi recorrido por la vida,\u00a0\u00a0 trabaj\u00e9, impuls\u00e9, promov\u00ed procesos para otros y para otros.\u00a0\u00a0 No me detuve a pensar en m\u00ed.\u00a0\u00a0 \u00a1Leadership se fij\u00f3 en mi Yo interior,\u00a0\u00a0 lo descubri\u00f3 y lo fortaleci\u00f3! \u00a0\u00a0\u00a0Descubr\u00ed junto a mis compa\u00f1eros y compa\u00f1eros que nuestra caja de herramientas siempre estaba llena en cada una de las sesiones de trabajo.\u00a0\u00a0 Me d\u00ed cuenta que siempre me hab\u00eda dedicado a ser acompa\u00f1ante y ahora me permit\u00eda ser acompa\u00f1ada.<\/p>\n<p>Encontr\u00e9 en el c\u00edrculo de Confianza un oasis de paz interior.\u00a0\u00a0 Una experiencia gratificante, satisfactoria.\u00a0\u00a0 Nuestro espacio \u00fanico como gran familia, nuestro c\u00edrculo, el v\u00ednculo m\u00e1s fuerte entre todos los miembros de esta familia \u00fanica: Mi Familia por elecci\u00f3n.\u00a0\u00a0 Dej\u00e9 de sentirme sola, porque encontr\u00e9 otros esp\u00edritus tan inquietos como el m\u00edo. Almas nobles cuya misi\u00f3n es servir a los dem\u00e1s. Ah\u00ed me encontr\u00e9 a mi misma y abrac\u00e9 mis sue\u00f1os e ideales olvidados.\u00a0\u00a0\u00a0\u00a0 Vi de frente\u00a0\u00a0 a mis amigos y amigas, descubr\u00ed que todos aportamos nuestro granito de ma\u00edz para el desarrollo de nuestro pa\u00eds.<\/p>\n<p>Leadership cambi\u00f3 mi vida.\u00a0\u00a0 Definitivamente\u00a0\u00a0 fortaleci\u00f3 mis conocimientos y capacidades. \u00a0Despu\u00e9s de Leadership ejerzo un liderazgo m\u00e1s conciente, comprometido y sensible a las necesidades propias de los sectores para los cuales trabajo.\u00a0\u00a0\u00a0\u00a0 Me preocupo m\u00e1s de mi Yo interior, de mi ni\u00f1o, de mi adulto y de mi padre interno.<\/p>\n<p>Me siento vinculada a mi gran familia,\u00a0\u00a0 compartir con los fundadores de la organizaci\u00f3n que ha cambiado mi vida, ha sido enriquecedor.\u00a0\u00a0 \u00a1Gracias\u00a0\u00a0 a todos, gracias a todas!\u00a0\u00a0 Roc\u00edo, Flor, Kathy, Gary, Tamalyn. Gracias por su esfuerzo, por su fe y amor a la humanidad, por entregar su coraz\u00f3n a este proyecto tan noble, gracias por creer en mi,\u00a0\u00a0 por darme la oportunidad de ser mejor persona y servir mejor a mi pa\u00eds, gracias por darme las herramientas para ser l\u00edder.<\/p>\n<p>Los aires de noviembre ya no son los mismos, ahora me recuerdan que tengo una nueva familia, mi Familia Leadership.<\/p>\n<p>Alva Benilda Batres- Primera Generaci\u00f3n Leadership.<\/p>\n<p>Izabal, Guatemala.<\/p>","protected":false},"excerpt":{"rendered":"<p>Los aires de noviembre traen a nuestra mente, recuerdos de ni\u00f1ez, dulces recuerdos de tardes de juegos, corriendo en las calles, volando barriletes, jugando trompos, yoyos o simplemente corriendo tras un grillo que se escapara entre los arbustos.\u00a0\u00a0 \u00a1 Aires de noviembre! A\u00f1oranza\u2026nostalgia por aquellos inigualables celajes chapines, atardeceres rom\u00e1nticos, pac\u00edficos, familiares.\u00a0\u00a0 \u00a1Aires de noviembre! [&hellip;]<\/p>","protected":false},"author":3,"featured_media":3032,"comment_status":"open","ping_status":"open","sticky":false,"template":"","format":"standard","meta":{"_acf_changed":false,"footnotes":""},"categories":[18],"tags":[],"class_list":["post-1073","post","type-post","status-publish","format-standard","has-post-thumbnail","hentry","category-blog-2"],"acf":[],"_links":{"self":[{"href":"https:\/\/www.circulaguatemala.org\/en\/wp-json\/wp\/v2\/posts\/1073"}],"collection":[{"href":"https:\/\/www.circulaguatemala.org\/en\/wp-json\/wp\/v2\/posts"}],"about":[{"href":"https:\/\/www.circulaguatemala.org\/en\/wp-json\/wp\/v2\/types\/post"}],"author":[{"embeddable":true,"href":"https:\/\/www.circulaguatemala.org\/en\/wp-json\/wp\/v2\/users\/3"}],"replies":[{"embeddable":true,"href":"https:\/\/www.circulaguatemala.org\/en\/wp-json\/wp\/v2\/comments?post=1073"}],"version-history":[{"count":0,"href":"https:\/\/www.circulaguatemala.org\/en\/wp-json\/wp\/v2\/posts\/1073\/revisions"}],"wp:featuredmedia":[{"embeddable":true,"href":"https:\/\/www.circulaguatemala.org\/en\/wp-json\/wp\/v2\/media\/3032"}],"wp:attachment":[{"href":"https:\/\/www.circulaguatemala.org\/en\/wp-json\/wp\/v2\/media?parent=1073"}],"wp:term":[{"taxonomy":"category","embeddable":true,"href":"https:\/\/www.circulaguatemala.org\/en\/wp-json\/wp\/v2\/categories?post=1073"},{"taxonomy":"post_tag","embeddable":true,"href":"https:\/\/www.circulaguatemala.org\/en\/wp-json\/wp\/v2\/tags?post=1073"}],"curies":[{"name":"wp","href":"https:\/\/api.w.org\/{rel}","templated":true}]}}