{"id":1644,"date":"2015-06-07T04:35:53","date_gmt":"2015-06-07T04:35:53","guid":{"rendered":"http:\/\/www.liderazgoguatemala.org\/?p=1644"},"modified":"2015-06-07T04:35:53","modified_gmt":"2015-06-07T04:35:53","slug":"historia-personal-rosalina-ramos","status":"publish","type":"post","link":"https:\/\/www.circulaguatemala.org\/en\/historia-personal-rosalina-ramos\/","title":{"rendered":"Historia Personal.- Rosalina Ramos"},"content":{"rendered":"<p><em><strong><a href=\"http:\/\/www.circulaguatemala.org\/wp-content\/uploads\/2015\/06\/P4250491_1024.jpg\"><img loading=\"lazy\" decoding=\"async\" class=\"size-medium wp-image-1638 alignright\" src=\"http:\/\/www.circulaguatemala.org\/wp-content\/uploads\/2015\/06\/P4250491_1024-300x225.jpg\" alt=\"P4250491_1024\" width=\"300\" height=\"225\" \/><\/a>La educaci\u00f3n:<\/strong><\/em><\/p>\n<p>Para mi familia fue muy importante este tema, a pesar de la pobreza, vengo de una familia de 4 hermanos, en donde 3 de ellos tienen retraso metal y mi persona la \u00fanica hija normal. A pesar de las deficiencias de mis hermanos, mis padres y abuelos apoyaron para que pudieran asistir a escuelas especiales, pero finalmente desistieron en donde vieron que sus avances eran m\u00ednimos. En mi caso, enfocaron todos sus esfuerzos en que lograra avanzar m\u00e1s all\u00e1 del grado acad\u00e9mico de ellos (6to. Primaria). Con muchos sacrificios logr\u00e9 graduarme de diversificado, pero este logro me permiti\u00f3 iniciar otra etapa en mi vida, tener la oportunidad de ir a la Universidad y convertirme en una persona biling\u00fce. Estos logros les dieron satisfacciones a mis padres y a m\u00ed personalmente.<\/p>\n<p><strong><em>Una Oportunidad:<\/em><\/strong><\/p>\n<p>A mi corta edad (18 a\u00f1os) ten\u00eda muchos sue\u00f1os, entre ellos era el poder encontrar un trabajo, ya en los 90\u00b4s era complicado el campo laboral, pero siempre he dicho que una persona joven siempre merece una oportunidad, en mi caso la consegu\u00ed, unos extranjeros (David y Juan Huebsch) confiaron en mi persona, a pesar de mi inexperiencia, mi poco ingl\u00e9s y mi juventud. Esta es una de las cosas que hoy en d\u00eda veo que no se le da a las nuevas generaciones, buscamos personal capacitado y con experiencia, m\u00e1s sin embargo se nos olvida la oportunidad que nos dieron a nosotros.<\/p>\n<p><strong><em>Mis creencias:<\/em><\/strong><\/p>\n<p>Inici\u00e9 a laborar en la organizaci\u00f3n donde actualmente me desempe\u00f1o en el 91, hoy en d\u00eda hay gente que me pregunta por qu\u00e9 a\u00fan estoy trabajando para la misma organizaci\u00f3n y mi respuesta es: creo en lo que la Fundaci\u00f3n hace y adem\u00e1s por medio de la misi\u00f3n puedo colaborar para que mi pa\u00eds pueda salir adelante, ya que buscamos siempre estrategias para evitar caer en el paternalismo porque buscamos ense\u00f1arles a las familias como lograr su propio desarrollo. Otro punto importante para mi es que vamos muy de la mano con los valores de la fundaci\u00f3n.<\/p>\n<p><strong><em>Mis habilidades:<\/em><\/strong><\/p>\n<p>La Fundaci\u00f3n me ha dado la oportunidad de poder desarrollarme en varios roles, algunos de ellos los he disfrutado m\u00e1s que otros, pero independientemente del rol ejercido lo he hecho lo mejor posible. Mi experiencia se ha enfocado m\u00e1s en el \u00e1rea administrativa, participaci\u00f3n en elaboraci\u00f3n de pol\u00edticas instituciones y proyectos de evaluaci\u00f3n de mejoras a nuestra base de datos o procesos de documentos. Mi experiencia en atenci\u00f3n de escucha activa o planes de desarrollo de las familias ha sido m\u00ednima en los \u00faltimos a\u00f1os, m\u00e1s el enfoque en la selecci\u00f3n de nuevas familias y siempre evaluar que nuestras acciones no da\u00f1en el camino que nuestros otros compa\u00f1eros har\u00e1n.<\/p>\n<p>&nbsp;<\/p>","protected":false},"excerpt":{"rendered":"<p>La educaci\u00f3n: Para mi familia fue muy importante este tema, a pesar de la pobreza, vengo de una familia de 4 hermanos, en donde 3 de ellos tienen retraso metal y mi persona la \u00fanica hija normal. A pesar de las deficiencias de mis hermanos, mis padres y abuelos apoyaron para que pudieran asistir a [&hellip;]<\/p>","protected":false},"author":3,"featured_media":3166,"comment_status":"open","ping_status":"open","sticky":false,"template":"","format":"standard","meta":{"_acf_changed":false,"footnotes":""},"categories":[18],"tags":[],"class_list":["post-1644","post","type-post","status-publish","format-standard","has-post-thumbnail","hentry","category-blog-2"],"acf":[],"_links":{"self":[{"href":"https:\/\/www.circulaguatemala.org\/en\/wp-json\/wp\/v2\/posts\/1644"}],"collection":[{"href":"https:\/\/www.circulaguatemala.org\/en\/wp-json\/wp\/v2\/posts"}],"about":[{"href":"https:\/\/www.circulaguatemala.org\/en\/wp-json\/wp\/v2\/types\/post"}],"author":[{"embeddable":true,"href":"https:\/\/www.circulaguatemala.org\/en\/wp-json\/wp\/v2\/users\/3"}],"replies":[{"embeddable":true,"href":"https:\/\/www.circulaguatemala.org\/en\/wp-json\/wp\/v2\/comments?post=1644"}],"version-history":[{"count":0,"href":"https:\/\/www.circulaguatemala.org\/en\/wp-json\/wp\/v2\/posts\/1644\/revisions"}],"wp:featuredmedia":[{"embeddable":true,"href":"https:\/\/www.circulaguatemala.org\/en\/wp-json\/wp\/v2\/media\/3166"}],"wp:attachment":[{"href":"https:\/\/www.circulaguatemala.org\/en\/wp-json\/wp\/v2\/media?parent=1644"}],"wp:term":[{"taxonomy":"category","embeddable":true,"href":"https:\/\/www.circulaguatemala.org\/en\/wp-json\/wp\/v2\/categories?post=1644"},{"taxonomy":"post_tag","embeddable":true,"href":"https:\/\/www.circulaguatemala.org\/en\/wp-json\/wp\/v2\/tags?post=1644"}],"curies":[{"name":"wp","href":"https:\/\/api.w.org\/{rel}","templated":true}]}}