{"id":1646,"date":"2015-06-07T04:39:09","date_gmt":"2015-06-07T04:39:09","guid":{"rendered":"http:\/\/www.liderazgoguatemala.org\/?p=1646"},"modified":"2015-06-07T04:39:09","modified_gmt":"2015-06-07T04:39:09","slug":"historia-de-vida-guadalupe-pos","status":"publish","type":"post","link":"https:\/\/www.circulaguatemala.org\/en\/historia-de-vida-guadalupe-pos\/","title":{"rendered":"Historia de Vida.- Guadalupe Pos"},"content":{"rendered":"<p><a href=\"http:\/\/www.circulaguatemala.org\/wp-content\/uploads\/2015\/06\/thumb_P5220733_1024.jpg\"><img loading=\"lazy\" decoding=\"async\" class=\"wp-image-1640 alignleft\" src=\"http:\/\/www.circulaguatemala.org\/wp-content\/uploads\/2015\/06\/thumb_P5220733_1024-300x225.jpg\" alt=\"thumb_P5220733_1024\" width=\"291\" height=\"218\" \/><\/a><\/p>\n<p>Soy Ernesto Guadalupe Pos, maya k\u2019iche\u2019, nacido en Cantel Quetzaltenango Guatemala. Hijo de padres analfabetas y trabajadores del campo.<\/p>\n<p>Soy el s\u00e9ptimo de nueve hermanos. Desde mi ni\u00f1ez fui un trabajador del campo como todos en mi familia. Durante mis a\u00f1os en la escuela primaria, secundaria, bachillerato nunca deje de trabajar en el campo incluyendo la universidad.<\/p>\n<p>Trabaje dos a\u00f1os como marimbista actividad que me hizo sostener mis primeros a\u00f1os en la universidad y finalmente gozo de una beca para terminar mis estudios en la carrera de psicolog\u00eda en el a\u00f1o 1991. Seguidamente trabajo en una organizaci\u00f3n social como educador de calle, lo cual me nace la idea de ayudar a m\u00e1s ni\u00f1os y j\u00f3venes con serios problemas de drogas, riesgos y maltrato en las calles de Quetzaltenango. Busco la ayuda de otros amigos para fundar la asociaci\u00f3n denominado Escuela de la Calle -EDELAC-. Esta organizaci\u00f3n inicia sus primeras actividades en el a\u00f1o 1995 para atender a ni\u00f1os de la calle, ni\u00f1os y ni\u00f1as trabajadores, de extrema pobreza.<\/p>\n<p>Lo dif\u00edcil estuvo en su inicio, ya que no cont\u00e1bamos con la experiencia necesaria y ninguna ayuda financiera, tampoco cont\u00e1bamos con una sede para realizar nuestras operaciones, ni salario para sobrevivir, sin embargo la fuerza y voluntad fueron los pilares para seguir con el trabajo social.<\/p>\n<p>En principio atendimos algunos ni\u00f1os con serios problemas de callejizaci\u00f3n, el cual se les brindo una casa refugio con servicios de educaci\u00f3n, alimentaci\u00f3n, protecci\u00f3n, apoyo legal y acompa\u00f1amiento en las calles de Quetzaltenango, posteriormente se abre otro programa en educaci\u00f3n con enfoque preventivo d\u00e1ndoles alfabetizaci\u00f3n en los primeros a\u00f1os. Dicho servicio fue creciendo paralelamente a otras actividades de recaudaci\u00f3n de fondos.<\/p>\n<p>Con la ayuda de amigos extranjeros vendimos pasteles para recaudar nuestros propios fondos, abrir un restaurante y una discoteca, sin embargo nada de eso funcion\u00f3 lo que nos hizo pensar en realizar otras actividades m\u00e1s creativas como la organizaci\u00f3n de caminatas dirigido a turistas extranjeros. Dicha actividad tuvo aceptaci\u00f3n y \u00e9xito y actualmente funciona como programa que apoya la sostenibilidad de los programas sociales de EDELAC que son: a) programa educativo, b) programa abrigo y protecci\u00f3n, (hogar), c) programa de Incidencia Pol\u00edtica a favor de la ni\u00f1a.<\/p>\n<p>En los primeros a\u00f1os, EDELAC atendi\u00f3 a una cantidad de 10 a 15 menores y cada a\u00f1o se sumaron m\u00e1s, y en la actualidad se atiende a m\u00e1s de 175 ni\u00f1os y ni\u00f1as cada a\u00f1o.<\/p>\n<p>El papel que he tenido en este proceso es la fundaci\u00f3n de EDELAC, sin embargo pas\u00e9 por realizar varias acciones como ser un maestro, educador, cocinero, guardi\u00e1n, gestor de proyectos, administrador, relacionista, gu\u00eda de turista, planificador, capacitador, estratega, y director de la organizaci\u00f3n. EDELAC, es una de las organizaciones en Quetzaltenango que se auto sostiene financieramente por casi un 80% del total para desarrollar sus programas sociales. Cuenta con 22 trabajadores y 4 voluntarios nacionales y m\u00e1s de 10 internacionales de manera permanente. Un 31% del personal actual han sido los primeros ni\u00f1os y ni\u00f1as que fueron atendidos en los programas sociales de EDELAC, en los primeros a\u00f1os. Actualmente soy el Director General de la organizaci\u00f3n.<\/p>","protected":false},"excerpt":{"rendered":"<p>Soy Ernesto Guadalupe Pos, maya k\u2019iche\u2019, nacido en Cantel Quetzaltenango Guatemala. Hijo de padres analfabetas y trabajadores del campo. Soy el s\u00e9ptimo de nueve hermanos. Desde mi ni\u00f1ez fui un trabajador del campo como todos en mi familia. Durante mis a\u00f1os en la escuela primaria, secundaria, bachillerato nunca deje de trabajar en el campo incluyendo [&hellip;]<\/p>","protected":false},"author":3,"featured_media":3167,"comment_status":"open","ping_status":"open","sticky":false,"template":"","format":"standard","meta":{"_acf_changed":false,"footnotes":""},"categories":[18],"tags":[],"class_list":["post-1646","post","type-post","status-publish","format-standard","has-post-thumbnail","hentry","category-blog-2"],"acf":[],"_links":{"self":[{"href":"https:\/\/www.circulaguatemala.org\/en\/wp-json\/wp\/v2\/posts\/1646"}],"collection":[{"href":"https:\/\/www.circulaguatemala.org\/en\/wp-json\/wp\/v2\/posts"}],"about":[{"href":"https:\/\/www.circulaguatemala.org\/en\/wp-json\/wp\/v2\/types\/post"}],"author":[{"embeddable":true,"href":"https:\/\/www.circulaguatemala.org\/en\/wp-json\/wp\/v2\/users\/3"}],"replies":[{"embeddable":true,"href":"https:\/\/www.circulaguatemala.org\/en\/wp-json\/wp\/v2\/comments?post=1646"}],"version-history":[{"count":0,"href":"https:\/\/www.circulaguatemala.org\/en\/wp-json\/wp\/v2\/posts\/1646\/revisions"}],"wp:featuredmedia":[{"embeddable":true,"href":"https:\/\/www.circulaguatemala.org\/en\/wp-json\/wp\/v2\/media\/3167"}],"wp:attachment":[{"href":"https:\/\/www.circulaguatemala.org\/en\/wp-json\/wp\/v2\/media?parent=1646"}],"wp:term":[{"taxonomy":"category","embeddable":true,"href":"https:\/\/www.circulaguatemala.org\/en\/wp-json\/wp\/v2\/categories?post=1646"},{"taxonomy":"post_tag","embeddable":true,"href":"https:\/\/www.circulaguatemala.org\/en\/wp-json\/wp\/v2\/tags?post=1646"}],"curies":[{"name":"wp","href":"https:\/\/api.w.org\/{rel}","templated":true}]}}