{"id":1667,"date":"2015-07-02T02:08:00","date_gmt":"2015-07-02T02:08:00","guid":{"rendered":"http:\/\/www.liderazgoguatemala.org\/?p=1667"},"modified":"2015-07-02T02:08:00","modified_gmt":"2015-07-02T02:08:00","slug":"practicando-con-las-camaras-en-el-4to-modulo","status":"publish","type":"post","link":"https:\/\/www.circulaguatemala.org\/en\/practicando-con-las-camaras-en-el-4to-modulo\/","title":{"rendered":"Practicando con las c\u00e1maras en el 4to modulo"},"content":{"rendered":"<p>Hablamos de Comunicaci\u00f3n y c\u00f3mo comunicar nuestro mensaje con las fotograf\u00edas en Junio, y aqu\u00ed los primeros hallazgos de esa experiencia, \u00a0aprendiendo a enfocar, \u00a0usar la luz y cazar esos momentos dignos de compartir con la audiencia de una organizaci\u00f3n.<\/p>\n<p>Fernando, \u00a0 Karen, \u00a0Mar\u00eda Jos\u00e9, \u00a0Mayra, \u00a0Esther, Paty y Rosy \u00a0practicando!<\/p>\n<p>&nbsp;<\/p>\n<p>&nbsp;<\/p>\n<p><a href=\"http:\/\/www.circulaguatemala.org\/wp-content\/uploads\/2015\/07\/Fernando.jpg\"><img loading=\"lazy\" decoding=\"async\" class=\"size-medium wp-image-1655 alignleft\" src=\"http:\/\/www.circulaguatemala.org\/wp-content\/uploads\/2015\/07\/Fernando-300x215.jpg\" alt=\"Fernando\" width=\"300\" height=\"215\" \/><\/a><a href=\"http:\/\/www.circulaguatemala.org\/wp-content\/uploads\/2015\/07\/Karen.jpg\"><img loading=\"lazy\" decoding=\"async\" class=\"size-medium wp-image-1657 aligncenter\" src=\"http:\/\/www.circulaguatemala.org\/wp-content\/uploads\/2015\/07\/Karen-300x169.jpg\" alt=\"Karen\" width=\"300\" height=\"169\" \/><\/a><a href=\"http:\/\/www.circulaguatemala.org\/wp-content\/uploads\/2015\/07\/MaJo.jpg\"><img loading=\"lazy\" decoding=\"async\" class=\"size-medium wp-image-1659 alignleft\" src=\"http:\/\/www.circulaguatemala.org\/wp-content\/uploads\/2015\/07\/MaJo-225x300.jpg\" alt=\"MaJo\" width=\"225\" height=\"300\" \/><\/a><a href=\"http:\/\/www.circulaguatemala.org\/wp-content\/uploads\/2015\/07\/Mayra.jpg\"><img loading=\"lazy\" decoding=\"async\" class=\"size-medium wp-image-1661 aligncenter\" src=\"http:\/\/www.circulaguatemala.org\/wp-content\/uploads\/2015\/07\/Mayra-300x208.jpg\" alt=\"Mayra\" width=\"300\" height=\"208\" \/><\/a><a href=\"http:\/\/www.circulaguatemala.org\/wp-content\/uploads\/2015\/07\/Esther.jpg\"><img loading=\"lazy\" decoding=\"async\" class=\"alignnone size-medium wp-image-1653\" src=\"http:\/\/www.circulaguatemala.org\/wp-content\/uploads\/2015\/07\/Esther-300x169.jpg\" alt=\"Esther\" width=\"300\" height=\"169\" \/><\/a><\/p>\n<p>&nbsp;<\/p>\n<p><a href=\"http:\/\/www.circulaguatemala.org\/wp-content\/uploads\/2015\/07\/Rosi.jpg\"><img loading=\"lazy\" decoding=\"async\" class=\"wp-image-1665 size-medium alignright\" title=\"Rosi\" src=\"http:\/\/www.circulaguatemala.org\/wp-content\/uploads\/2015\/07\/Rosi-225x300.jpg\" alt=\"Rosi\" width=\"225\" height=\"300\" \/><\/a><a href=\"http:\/\/www.circulaguatemala.org\/wp-content\/uploads\/2015\/07\/Paty.jpg\"><img loading=\"lazy\" decoding=\"async\" class=\"size-medium wp-image-1663 aligncenter\" src=\"http:\/\/www.circulaguatemala.org\/wp-content\/uploads\/2015\/07\/Paty-225x300.jpg\" alt=\"Paty\" width=\"225\" height=\"300\" \/><\/a><\/p>","protected":false},"excerpt":{"rendered":"<p>Hablamos de Comunicaci\u00f3n y c\u00f3mo comunicar nuestro mensaje con las fotograf\u00edas en Junio, y aqu\u00ed los primeros hallazgos de esa experiencia, \u00a0aprendiendo a enfocar, \u00a0usar la luz y cazar esos momentos dignos de compartir con la audiencia de una organizaci\u00f3n. Fernando, \u00a0 Karen, \u00a0Mar\u00eda Jos\u00e9, \u00a0Mayra, \u00a0Esther, Paty y Rosy \u00a0practicando! &nbsp; &nbsp; &nbsp;<\/p>","protected":false},"author":3,"featured_media":0,"comment_status":"open","ping_status":"open","sticky":false,"template":"","format":"standard","meta":{"_acf_changed":false,"footnotes":""},"categories":[18],"tags":[],"class_list":["post-1667","post","type-post","status-publish","format-standard","hentry","category-blog-2"],"acf":[],"_links":{"self":[{"href":"https:\/\/www.circulaguatemala.org\/en\/wp-json\/wp\/v2\/posts\/1667"}],"collection":[{"href":"https:\/\/www.circulaguatemala.org\/en\/wp-json\/wp\/v2\/posts"}],"about":[{"href":"https:\/\/www.circulaguatemala.org\/en\/wp-json\/wp\/v2\/types\/post"}],"author":[{"embeddable":true,"href":"https:\/\/www.circulaguatemala.org\/en\/wp-json\/wp\/v2\/users\/3"}],"replies":[{"embeddable":true,"href":"https:\/\/www.circulaguatemala.org\/en\/wp-json\/wp\/v2\/comments?post=1667"}],"version-history":[{"count":0,"href":"https:\/\/www.circulaguatemala.org\/en\/wp-json\/wp\/v2\/posts\/1667\/revisions"}],"wp:attachment":[{"href":"https:\/\/www.circulaguatemala.org\/en\/wp-json\/wp\/v2\/media?parent=1667"}],"wp:term":[{"taxonomy":"category","embeddable":true,"href":"https:\/\/www.circulaguatemala.org\/en\/wp-json\/wp\/v2\/categories?post=1667"},{"taxonomy":"post_tag","embeddable":true,"href":"https:\/\/www.circulaguatemala.org\/en\/wp-json\/wp\/v2\/tags?post=1667"}],"curies":[{"name":"wp","href":"https:\/\/api.w.org\/{rel}","templated":true}]}}