{"id":1673,"date":"2015-07-05T21:04:31","date_gmt":"2015-07-05T21:04:31","guid":{"rendered":"http:\/\/www.liderazgoguatemala.org\/?p=1673"},"modified":"2015-07-05T21:04:31","modified_gmt":"2015-07-05T21:04:31","slug":"1673-2","status":"publish","type":"post","link":"https:\/\/www.circulaguatemala.org\/en\/1673-2\/","title":{"rendered":"Lider 2015"},"content":{"rendered":"<p><strong>Fue<\/strong> gracias a Dios que tuve la oportunidad de iniciar un trabajo que se ha convertido en parte de mi vida y mi compromiso con personas a las que no conoc\u00eda, pues he tenido la bendici\u00f3n de poder llegar hasta ellos con beneficios que han impactado su vida.<\/p>\n<p><strong>Puedo<\/strong> contar acerca de los ni\u00f1os a los que he visto cambiar a trav\u00e9s de los a\u00f1os de servirles, pienso en especial en un Ni\u00f1o que se llama Armando y es de la Aldea Agua Caliente del Estor en Izabal, cuando yo lo conoc\u00ed era un ni\u00f1o de 9 a\u00f1os muy t\u00edmido y sencillo, se dedicaba a ver pasar la vida seg\u00fan esta la diera lo que ven\u00eda, adem\u00e1s de su situaci\u00f3n de salud la cual era precaria, \u00e9l fue alguien con quien tuve la oportunidad de trabajar por 5 a\u00f1os m\u00e1s o menos, y su condici\u00f3n f\u00edsica y emocional cambio en esos a\u00f1os, lamentablemente para los ni\u00f1os de su edad en las Aldeas son enviados a trabajar al no m\u00e1s tener el cuerpo para hacerlo, y ese fue su caso, pero hoy es un joven sano, y muy capaz, trabaja en el \u00e1rea de Rio dulce en los almacenes del sector y es muy grato saber que es parte de mis amistades en el \u00e1rea.<\/p>\n<p><strong>Pero en las Aldeas<\/strong> hemos visto que ahora la gente tiene expectativas diferentes de la vida, quieren m\u00e1s y desean hacer algo para cambiarlo, algunos desean prepararse para m\u00e1s, algunas mujeres hacer artesan\u00edas o cuidan animales, en fin realmente estamos haciendo algo a Dios gracias. Pero esto ha sido muy motivante para seguir haciendo esto que empez\u00f3 en mi vida hace m\u00e1s o menos 12 a\u00f1os.<\/p>\n<p><strong>Hoy<\/strong> habiendo fundado la Asociaci\u00f3n y puesto mi haber en ella e iniciado un compromiso con Aldeas de Izabal y Santa Rosa en Guatemala, disfruto del ser parte del grupo de personas que damos para que otros vivan y agradezco a Dios el soporte de poder hacerlo, porque soy una persona que vive al d\u00eda en su vida econ\u00f3mica, solo que ahora llevo en mi coraz\u00f3n a muchos m\u00e1s, y he podido impactar su vida a trav\u00e9s de la Tarea que <strong>Aldeas Sanas Guatemala<\/strong> realiza en nuestro pa\u00eds.<\/p>\n<p><strong>Debo mencionar y agradecer<\/strong> a la organizaci\u00f3n en Seattle Washington que es la responsable de proveer hasta ahora para el compromiso que hicimos con estas Aldeas en las cuales servimos. Y se llama Guatemala Villaje Health, con ellos hemos llegado con Jornadas m\u00e9dicas, medicina, programas de control como diabetes, hipertensi\u00f3n, cuidado prenatal, Dientes sanos y m\u00e1s, adem\u00e1s de poder iniciar proyectos de saneamiento ambiental a las mismas, la verdad que es algo que a\u00fan me cuesta creer pero as\u00ed es, y hoy vivo muy satisfecho del trabajo que Dios me deja hacer.<\/p>\n<p><em><strong>\u00a0Samuel Alvarez<\/strong><\/em><a href=\"http:\/\/www.circulaguatemala.org\/wp-content\/uploads\/2015\/07\/DSC_9020.jpg\"><img loading=\"lazy\" decoding=\"async\" class=\"size-medium wp-image-1669 alignright\" src=\"http:\/\/www.circulaguatemala.org\/wp-content\/uploads\/2015\/07\/DSC_9020-300x199.jpg\" alt=\"DSC_9020\" width=\"300\" height=\"199\" \/><\/a><\/p>\n<p><em>www.guatemalavillagehealth.org\u00a0<\/em><\/p>","protected":false},"excerpt":{"rendered":"<p>Fue gracias a Dios que tuve la oportunidad de iniciar un trabajo que se ha convertido en parte de mi vida y mi compromiso con personas a las que no conoc\u00eda, pues he tenido la bendici\u00f3n de poder llegar hasta ellos con beneficios que han impactado su vida. Puedo contar acerca de los ni\u00f1os a [&hellip;]<\/p>","protected":false},"author":3,"featured_media":0,"comment_status":"open","ping_status":"open","sticky":false,"template":"","format":"standard","meta":{"_acf_changed":false,"footnotes":""},"categories":[18],"tags":[],"class_list":["post-1673","post","type-post","status-publish","format-standard","hentry","category-blog-2"],"acf":[],"_links":{"self":[{"href":"https:\/\/www.circulaguatemala.org\/en\/wp-json\/wp\/v2\/posts\/1673"}],"collection":[{"href":"https:\/\/www.circulaguatemala.org\/en\/wp-json\/wp\/v2\/posts"}],"about":[{"href":"https:\/\/www.circulaguatemala.org\/en\/wp-json\/wp\/v2\/types\/post"}],"author":[{"embeddable":true,"href":"https:\/\/www.circulaguatemala.org\/en\/wp-json\/wp\/v2\/users\/3"}],"replies":[{"embeddable":true,"href":"https:\/\/www.circulaguatemala.org\/en\/wp-json\/wp\/v2\/comments?post=1673"}],"version-history":[{"count":0,"href":"https:\/\/www.circulaguatemala.org\/en\/wp-json\/wp\/v2\/posts\/1673\/revisions"}],"wp:attachment":[{"href":"https:\/\/www.circulaguatemala.org\/en\/wp-json\/wp\/v2\/media?parent=1673"}],"wp:term":[{"taxonomy":"category","embeddable":true,"href":"https:\/\/www.circulaguatemala.org\/en\/wp-json\/wp\/v2\/categories?post=1673"},{"taxonomy":"post_tag","embeddable":true,"href":"https:\/\/www.circulaguatemala.org\/en\/wp-json\/wp\/v2\/tags?post=1673"}],"curies":[{"name":"wp","href":"https:\/\/api.w.org\/{rel}","templated":true}]}}