{"id":1780,"date":"2016-03-15T03:37:21","date_gmt":"2016-03-15T03:37:21","guid":{"rendered":"http:\/\/www.liderazgoguatemala.org\/?p=1780"},"modified":"2016-03-15T03:37:21","modified_gmt":"2016-03-15T03:37:21","slug":"primer-modulo-del-curso-profesional-de-liderazgo-y-colaboracion-2016","status":"publish","type":"post","link":"https:\/\/www.circulaguatemala.org\/en\/primer-modulo-del-curso-profesional-de-liderazgo-y-colaboracion-2016\/","title":{"rendered":"Curso Profesional de Liderazgo y Colaboraci\u00f3n m\u00f3dulo 1"},"content":{"rendered":"<h2><strong>El Punto de Partida<\/strong><\/h2>\n<p style=\"text-align: justify;\">Realizaremos nuestro primer m\u00f3dulo, en compa\u00f1\u00eda de un grupo\u00a0 21 extraordinarios l\u00edderes de distintas partes de Guatemala y de El Salvador\u00a0 los d\u00edas 18 y 19 de marzo en el Hotel Vista a los Volcanes.<\/p>\n<p style=\"text-align: justify;\">\u00a0El tema central del m\u00f3dulo es:\u00a0<strong><em>\u201cEl punto de partida para la integraci\u00f3n de una comunidad de Liderazgo.\u201d<\/em><\/strong><\/p>\n<p style=\"text-align: justify;\">El objetivo es: identificar cu\u00e1l es el punto de partida de cada l\u00edder y hacia d\u00f3nde desea orientar su liderazgo, vali\u00e9ndose de herramientas de an\u00e1lisis y de la reflexi\u00f3n grupal en compa\u00f1\u00eda de la nueva comunidad de l\u00edderes a la que se est\u00e1 integrando.<\/p>\n<p style=\"text-align: justify;\">\u00a0<\/p>\n<h3><strong>Sesiones de este m\u00f3dulo<\/strong><\/h3>\n<ul>\n<li>C\u00edrcuo de Confianza<\/li>\n<li>Qu\u00e9 significa ser miembro de ALG<\/li>\n<li>Metas SMART<\/li>\n<li>Victoria Interna-Victoria Externa<\/li>\n<li>El arte de liderar y el l\u00edder Coach<\/li>\n<li>Grupos de Co-Coaching<\/li>\n<li>Teor\u00eda de Cambio<\/li>\n<li>Trayectoria de liderazgo: del punto de partida\u00a0 hacia la meta.<\/li>\n<li>Sesi\u00f3n de Inspiraci\u00f3n<\/li>\n<\/ul>\n<h3><strong><br \/>Expositores invitados<\/strong><\/h3>\n<p style=\"text-align: justify;\"><a href=\"http:\/\/www.circulaguatemala.org\/wp-content\/uploads\/2016\/03\/blog-liderazgo-guatemala-jack-linda-smith-smart1.jpg\"><img loading=\"lazy\" decoding=\"async\" class=\"size-medium wp-image-1801 alignleft\" src=\"http:\/\/www.circulaguatemala.org\/wp-content\/uploads\/2016\/03\/blog-liderazgo-guatemala-jack-linda-smith-smart1-300x176.jpg\" alt=\"blog-liderazgo-guatemala-jack-linda-smith-smart\" width=\"300\" height=\"176\" \/><\/a><\/p>\n<p style=\"text-align: justify;\">\u00a0<strong><em>Metas SMART con Jack &amp; Linda Smith<\/em><\/strong><\/p>\n<p style=\"text-align: justify;\">Son dos experimentados asesores que luego de una exitosa carrera en el mundo empresarial a nivel internacional, ofrecen sus conocimientos y experiencia como Coachs a l\u00edderes en distintas partes del mundo.<\/p>\n<p style=\"text-align: justify;\">\u00a0<\/p>\n<hr \/>\n<p style=\"text-align: justify;\">\u00a0<\/p>\n<p style=\"text-align: justify;\"><a href=\"http:\/\/www.circulaguatemala.org\/wp-content\/uploads\/2016\/03\/blog-liderazgo-guatemala-jeff-barnes-teoria-de-cambio.jpg\"><img loading=\"lazy\" decoding=\"async\" class=\"size-medium wp-image-1788 alignright\" src=\"http:\/\/www.circulaguatemala.org\/wp-content\/uploads\/2016\/03\/blog-liderazgo-guatemala-jeff-barnes-teoria-de-cambio-300x176.jpg\" alt=\"blog-liderazgo-guatemala-jeff-barnes-teoria-de-cambio\" width=\"300\" height=\"176\" \/><\/a><\/p>\n<p style=\"text-align: justify;\">\u00a0\u00a0<strong><em>Teor\u00eda de Cambio, Jeff\u00a0 Barnes<\/em><\/strong><\/p>\n<p style=\"text-align: justify;\">De profesi\u00f3n Economista, especializado en Historia y Desarrollo Econ\u00f3mico de Centro Am\u00e9rica, ha sido Director de Planificaci\u00f3n Estrat\u00e9gica de una de las organizaciones internacionales pioneras en\u00a0 Guatemala\u00a0 por m\u00e1s de 12 a\u00f1os.<\/p>\n<p style=\"text-align: justify;\">\u00a0<\/p>\n<hr \/>\n<p style=\"text-align: justify;\">\u00a0<a href=\"http:\/\/www.circulaguatemala.org\/wp-content\/uploads\/2016\/03\/blog-liderazgo-guatemala-tamalyn-jackson-sesion-inspiracion.jpg\"><img loading=\"lazy\" decoding=\"async\" class=\"size-medium wp-image-1793 alignleft\" src=\"http:\/\/www.circulaguatemala.org\/wp-content\/uploads\/2016\/03\/blog-liderazgo-guatemala-tamalyn-jackson-sesion-inspiracion-300x176.jpg\" alt=\"blog-liderazgo-guatemala-tamalyn-jackson-sesion-inspiracion\" width=\"300\" height=\"176\" \/><\/a><strong><em>Sesi\u00f3n de Inspiraci\u00f3n, Tamalyn Jackson Gutierres<\/em><\/strong><\/p>\n<p>Ha sido la Directora Nacional de Common Hope desde hace 10 a\u00f1os, teniendo a su cargo un equipo de 120 personas y supervisando programas de desarrollo en Educaci\u00f3n, Salud y Vivienda.<\/p>\n<p>Tamalyn adem\u00e1s es miembro de la Junta Directiva de Asociaci\u00f3n para el Liderazgo en Guatemala.<\/p>","protected":false},"excerpt":{"rendered":"<p>El Punto de Partida Realizaremos nuestro primer m\u00f3dulo, en compa\u00f1\u00eda de un grupo\u00a0 21 extraordinarios l\u00edderes de distintas partes de Guatemala y de El Salvador\u00a0 los d\u00edas 18 y 19 de marzo en el Hotel Vista a los Volcanes. \u00a0El tema central del m\u00f3dulo es:\u00a0\u201cEl punto de partida para la integraci\u00f3n de una comunidad de [&hellip;]<\/p>","protected":false},"author":3,"featured_media":0,"comment_status":"open","ping_status":"open","sticky":false,"template":"","format":"standard","meta":{"_acf_changed":false,"footnotes":""},"categories":[18],"tags":[19,20],"class_list":["post-1780","post","type-post","status-publish","format-standard","hentry","category-blog-2","tag-leadership","tag-liderazgo"],"acf":[],"_links":{"self":[{"href":"https:\/\/www.circulaguatemala.org\/en\/wp-json\/wp\/v2\/posts\/1780"}],"collection":[{"href":"https:\/\/www.circulaguatemala.org\/en\/wp-json\/wp\/v2\/posts"}],"about":[{"href":"https:\/\/www.circulaguatemala.org\/en\/wp-json\/wp\/v2\/types\/post"}],"author":[{"embeddable":true,"href":"https:\/\/www.circulaguatemala.org\/en\/wp-json\/wp\/v2\/users\/3"}],"replies":[{"embeddable":true,"href":"https:\/\/www.circulaguatemala.org\/en\/wp-json\/wp\/v2\/comments?post=1780"}],"version-history":[{"count":0,"href":"https:\/\/www.circulaguatemala.org\/en\/wp-json\/wp\/v2\/posts\/1780\/revisions"}],"wp:attachment":[{"href":"https:\/\/www.circulaguatemala.org\/en\/wp-json\/wp\/v2\/media?parent=1780"}],"wp:term":[{"taxonomy":"category","embeddable":true,"href":"https:\/\/www.circulaguatemala.org\/en\/wp-json\/wp\/v2\/categories?post=1780"},{"taxonomy":"post_tag","embeddable":true,"href":"https:\/\/www.circulaguatemala.org\/en\/wp-json\/wp\/v2\/tags?post=1780"}],"curies":[{"name":"wp","href":"https:\/\/api.w.org\/{rel}","templated":true}]}}