{"id":1805,"date":"2016-04-20T16:56:27","date_gmt":"2016-04-20T16:56:27","guid":{"rendered":"http:\/\/www.liderazgoguatemala.org\/?p=1805"},"modified":"2016-04-20T16:56:27","modified_gmt":"2016-04-20T16:56:27","slug":"segundo-modulo-del-curso-profesional-de-liderazgo-y-colaboracion-2016","status":"publish","type":"post","link":"https:\/\/www.circulaguatemala.org\/en\/segundo-modulo-del-curso-profesional-de-liderazgo-y-colaboracion-2016\/","title":{"rendered":"Curso Profesional de Liderazgo y Colaboraci\u00f3n m\u00f3dulo 2"},"content":{"rendered":"<h3><strong>LIDERAZGO Y TRABAJO INTERCULTURAL<\/strong><\/h3>\n<h3>Fecha: 22 y 23 de abril 2016<\/h3>\n<h3>Lugar: Hotel Vista a los Volcanes, Santa Luc\u00eda Milpas Altas.<\/h3>\n<p>&nbsp;<\/p>\n<p style=\"text-align: justify;\">En el segundo m\u00f3dulo del Curso exploraremos la importancia y los retos de las relaciones interculturales en el ejercicio del liderazgo.<\/p>\n<h3>\u00a0<strong>SESIONES DEL ESTE M\u00d3DULO<\/strong><\/h3>\n<ul>\n<li>C\u00edrculo de Confianza<\/li>\n<li>Trabajo inter cultural - Kali Erickson Y Jaime Vilches (EEUU y Per\u00fa)<\/li>\n<li>Practicando juntos: \u201cAventura Organizacional\u201d-<\/li>\n<li>Organigramas, reflejo de distintas culturas organizacionales.<\/li>\n<li>Liderazgo desde la perspectiva Maya- Romeo Jiatz (Guatemala)<\/li>\n<li>Profesionalismo y Responsabilidad<\/li>\n<li>Grupos Co-Coaching<\/li>\n<li>Biolog\u00eda de las relaciones y los recursos: Inteligencia Social y Resiliencia.<\/li>\n<li>Sesi\u00f3n de Inspiraci\u00f3n, <em>Rompiendo Paradigmas<\/em>. - Lucrecia Rodr\u00edguez-Lynch<\/li>\n<\/ul>\n<h3>\u00a0<\/h3>\n<h3><strong>Expositores Invitados<\/strong><\/h3>\n<h3><strong>Romeo Jiatz<\/strong><\/h3>\n<h3 style=\"text-align: justify;\"><a href=\"http:\/\/www.circulaguatemala.org\/wp-content\/uploads\/2016\/04\/romeo.jpg\"><img loading=\"lazy\" decoding=\"async\" class=\"wp-image-1807 size-full alignright\" src=\"http:\/\/www.circulaguatemala.org\/wp-content\/uploads\/2016\/04\/romeo.jpg\" alt=\"romeo\" width=\"150\" height=\"150\" \/><\/a><\/h3>\n<p style=\"text-align: justify;\">Nos emociona recibir como experto invitado a este egresado de la Asociaci\u00f3n para el Liderazgo en Guatemala.\u00a0Romeo reside en Tecpan Chimaltenango, trabaja en la Asociaci\u00f3n Maya de estudiantes universitarios como gestor comunitario en el fortalecimiento organizacional y memoria hist\u00f3rica. \u00a0En 2015 seleccionado para el prestigioso programa Centroam\u00e9rica Adelante de la <em>Seattle International Foundation<\/em>, el cu\u00e1l\u00a0apoya a l\u00edderes de alto impacto que generan cambio social en El Salvador, Guatemala, Honduras y Nicaragua.\u00a0<br \/>Romeo facilitar\u00e1 la sesi\u00f3n: <strong>Liderazgo desde la perspectiva Maya.<\/strong><\/p>\n<p style=\"text-align: justify;\">\u00a0<\/p>\n<hr \/>\n<p style=\"text-align: justify;\">\u00a0<\/p>\n<h3><strong>Mar\u00eda Lucrecia Rodr\u00edguez-Lynch<\/strong><\/h3>\n<h3><strong><a href=\"http:\/\/www.circulaguatemala.org\/wp-content\/uploads\/2016\/04\/Lucrecia-Rodriguez-Lynch.jpg\"><img loading=\"lazy\" decoding=\"async\" class=\"size-full wp-image-1817 alignright\" src=\"http:\/\/www.circulaguatemala.org\/wp-content\/uploads\/2016\/04\/Lucrecia-Rodriguez-Lynch.jpg\" alt=\"Lucrecia Rodriguez-Lynch\" width=\"150\" height=\"150\" \/><\/a><\/strong><\/h3>\n<p style=\"text-align: justify;\">De profesi\u00f3n abogada y notaria, actualmente reside en Boston, MA; trabajando en <em>Gordon-Conwell Theological Seminary<\/em>. Lucrecia adem\u00e1s de ser\u00a0una guatemalteca que se ha abierto camino en Estados Unidos es cofundadora de la organizaci\u00f3n Yo\u00b4o en Purulh\u00e1, Baja Verapaz que trabaja en educaci\u00f3n, salud, nutrici\u00f3n y desarrollo comunitario.\u00a0Ella tambi\u00e9n egres\u00f3 de nuestro programa de liderazgo en 2014 y hoy es\u00a0miembro de la junta directiva de la Asociaci\u00f3n para el Liderazgo en Guatemala.<br \/>Lucrecia facilitar\u00e1 la sesi\u00f3n de inspiraci\u00f3n: <strong>Rompiendo Paradigmas<\/strong><\/p>\n<p style=\"text-align: justify;\">\u00a0<\/p>\n<hr \/>\n<h3 style=\"text-align: justify;\">\u00a0<\/h3>\n<h3 style=\"text-align: justify;\"><strong>Kali Erickson<\/strong><\/h3>\n<p style=\"text-align: justify;\"><img loading=\"lazy\" decoding=\"async\" class=\"wp-image-1826 size-thumbnail alignright\" src=\"http:\/\/www.circulaguatemala.org\/wp-content\/uploads\/2016\/04\/kali-erickson-150x150.jpg\" alt=\"kali erickson\" width=\"150\" height=\"150\" \/>Es nutricionista con enfoque en la salud p\u00fablica, especialmente en la salud y nutrici\u00f3n materno-infantil.\u00a0\u00a0Ha sido afortunada de trabajar y vivir en diferentes pa\u00edses en Latino Am\u00e9rica, \u00c1frica y Asia.\u00a0\u00a0Tiene un amor profundo por el pa\u00eds de Guatemala por haber sido voluntaria en La Fundaci\u00f3n Familias de Esperanza hace 20 a\u00f1os.\u00a0\u00a0Vive la experiencia inter cultural a diario porque est\u00e1 casada con Jaime Vilchez\u00a0\u00a0(peruano) y tiene dos hijas bi-culturales, una de 5 a\u00f1os y la otra de 12 a\u00f1os.<br \/>Kali facilitar\u00e1 la sesi\u00f3n: <strong>Trabajo Intercultural<\/strong><\/p>\n<p style=\"text-align: justify;\">\u00a0<\/p>\n<hr \/>\n<h3 style=\"text-align: justify;\">\u00a0<\/h3>\n<h3 style=\"text-align: justify;\"><strong>Jaime Vilchez<\/strong><\/h3>\n<p style=\"text-align: justify;\"><img loading=\"lazy\" decoding=\"async\" class=\"wp-image-1828 size-thumbnail alignright\" src=\"http:\/\/www.circulaguatemala.org\/wp-content\/uploads\/2016\/04\/jaime-vilchez-150x150.jpg\" alt=\"jaime vilchez\" width=\"150\" height=\"150\" \/>Es Ingeniero Zootecnista con amplia experiencia en el campo de la educaci\u00f3n para adultos y entrenamiento. A lo largo de su vida profesional ha tenido la oportunidad de trabajar en diferentes pa\u00edses como el Per\u00fa, Los Estados Unidos y Mozambique; tanto en el sector privado como p\u00fablico. Como educador y facilitador es seguidor de la educaci\u00f3n a trav\u00e9s del di\u00e1logo y los principios de la educaci\u00f3n para adultos. Se considera un ciudadano global que respeta y valora la diversidad cultural, la experiencia y el conocimiento de otros.<br \/>Jaime facilitar\u00e1 la sesi\u00f3n: <strong>Trabajo Intercultural<\/strong><\/p>\n<p style=\"text-align: justify;\">\u00a0<\/p>","protected":false},"excerpt":{"rendered":"<p>LIDERAZGO Y TRABAJO INTERCULTURAL Fecha: 22 y 23 de abril 2016 Lugar: Hotel Vista a los Volcanes, Santa Luc\u00eda Milpas Altas. &nbsp; En el segundo m\u00f3dulo del Curso exploraremos la importancia y los retos de las relaciones interculturales en el ejercicio del liderazgo. \u00a0SESIONES DEL ESTE M\u00d3DULO C\u00edrculo de Confianza Trabajo inter cultural - Kali [&hellip;]<\/p>","protected":false},"author":3,"featured_media":0,"comment_status":"open","ping_status":"open","sticky":false,"template":"","format":"standard","meta":{"_acf_changed":false,"footnotes":""},"categories":[21],"tags":[],"class_list":["post-1805","post","type-post","status-publish","format-standard","hentry","category-noticias"],"acf":[],"_links":{"self":[{"href":"https:\/\/www.circulaguatemala.org\/en\/wp-json\/wp\/v2\/posts\/1805"}],"collection":[{"href":"https:\/\/www.circulaguatemala.org\/en\/wp-json\/wp\/v2\/posts"}],"about":[{"href":"https:\/\/www.circulaguatemala.org\/en\/wp-json\/wp\/v2\/types\/post"}],"author":[{"embeddable":true,"href":"https:\/\/www.circulaguatemala.org\/en\/wp-json\/wp\/v2\/users\/3"}],"replies":[{"embeddable":true,"href":"https:\/\/www.circulaguatemala.org\/en\/wp-json\/wp\/v2\/comments?post=1805"}],"version-history":[{"count":0,"href":"https:\/\/www.circulaguatemala.org\/en\/wp-json\/wp\/v2\/posts\/1805\/revisions"}],"wp:attachment":[{"href":"https:\/\/www.circulaguatemala.org\/en\/wp-json\/wp\/v2\/media?parent=1805"}],"wp:term":[{"taxonomy":"category","embeddable":true,"href":"https:\/\/www.circulaguatemala.org\/en\/wp-json\/wp\/v2\/categories?post=1805"},{"taxonomy":"post_tag","embeddable":true,"href":"https:\/\/www.circulaguatemala.org\/en\/wp-json\/wp\/v2\/tags?post=1805"}],"curies":[{"name":"wp","href":"https:\/\/api.w.org\/{rel}","templated":true}]}}