{"id":1856,"date":"2016-05-13T22:41:38","date_gmt":"2016-05-13T22:41:38","guid":{"rendered":"http:\/\/www.liderazgoguatemala.org\/?p=1856"},"modified":"2016-05-13T22:41:38","modified_gmt":"2016-05-13T22:41:38","slug":"curso-profesional-de-liderazgo-y-colaboracion-modulo-3","status":"publish","type":"post","link":"https:\/\/www.circulaguatemala.org\/en\/curso-profesional-de-liderazgo-y-colaboracion-modulo-3\/","title":{"rendered":"Curso Profesional de Liderazgo y Colaboraci\u00f3n m\u00f3dulo 3"},"content":{"rendered":"<h3><strong><a href=\"http:\/\/www.circulaguatemala.org\/wp-content\/uploads\/2016\/05\/marvin.jpg\"><br \/><\/a><a href=\"http:\/\/www.circulaguatemala.org\/wp-content\/uploads\/2016\/05\/Luz-Marina-Hern\u00e1ndez-Cosp\u00edn.jpg\"><br \/><\/a>LA COMUNICACI\u00d3N, HERRAMIENTA FUNDAMENTAL PARA UN L\u00cdDER<\/strong><\/h3>\n<h3>Fecha: 20 y 21 de mayo 2016<\/h3>\n<h3>Lugar: Hotel Vista a los Volcanes, Santa Luc\u00eda Milpas Altas.<\/h3>\n<p style=\"text-align: justify;\">Hemos llegado al tercer m\u00f3dulo del curso. En esta ocasi\u00f3n profundizaremos sobre la importancia de la comunicaci\u00f3n en el ejercicio de un liderazgo \u00edntegro que inspira confianza.\u00a0<\/p>\n<h3><strong>SESIONES DE ESTE M\u00d3DULO<\/strong>\u00a0<\/h3>\n<ul>\n<li>C\u00edrculo de confianza<\/li>\n<li>Aprendiendo juntos: \u201cAventura Organizacional\u201d- Flor Garc\u00eda Mencos<\/li>\n<li>Comunicaci\u00f3n, influenciando con integridad. -Fernando Rabanales<\/li>\n<li>Practicando delegaci\u00f3n y retroalimentaci\u00f3n. - Flor Garc\u00eda Mencos.<\/li>\n<li>Expres\u00e1ndonos con propiedad.- Otto Aresti<\/li>\n<li>An\u00e1lisis Transaccional para l\u00edderes.- Flor Garc\u00eda Mencos<\/li>\n<li>Grupos Co-Coaching<\/li>\n<li>Ideas que pegan y discurso de elevador.- Fernando Rabanales<\/li>\n<li>Comunicaci\u00f3n digital y redes sociales, nuevos horizontes organizacionales.- Marvin Luna<\/li>\n<li>Pr\u00e1ctica b\u00e1sica de fotograf\u00eda. \u2013 Luz Marina Hern\u00e1ndez Cosp\u00edn<\/li>\n<li>Sesi\u00f3n de inspiraci\u00f3n. \u2013 Yenia Posadas, expresiones de vida<\/li>\n<\/ul>\n<h3>\u00a0<\/h3>\n<h3><strong>Expositores Invitados<\/strong><\/h3>\n<p>&nbsp;<\/p>\n<h3 style=\"text-align: justify;\"><strong>Marvin Luna<\/strong><\/h3>\n<p style=\"text-align: justify;\"><strong><a href=\"http:\/\/www.6grados.info\" target=\"_blank\" rel=\"noopener\"><img loading=\"lazy\" decoding=\"async\" class=\"wp-image-1879 size-thumbnail alignright\" src=\"http:\/\/www.circulaguatemala.org\/wp-content\/uploads\/2016\/05\/marvin-luna-perfil-150x150.jpg\" alt=\"marvin-luna-perfil\" width=\"150\" height=\"150\" \/><\/a><\/strong>Technical Web Engineer, Community Manager, WordPress Developer y Certificado en Google, es director de la empresa <a title=\"6grados\" href=\"http:\/\/www.6grados.info\" target=\"_blank\" rel=\"noopener\"><strong>6grados<\/strong><\/a>. Apasionado por la comunicaci\u00f3n digital ha desarrollado campa\u00f1as para m\u00faltiples compa\u00f1\u00edas como Interbanco y Chillis; siempre est\u00e1 en b\u00fasqueda que las organizaciones est\u00e9n bien ubicadas en internet.<\/p>\n<p style=\"text-align: justify;\">Marvin es un experto en Desarrollo Web, \u00a0Marketing Digital y Social Media. Adem\u00e1s es un emprendedor del eLearning, ofreciendo webinars en temas de digitales y emprendimiento.<\/p>\n<p style=\"text-align: justify;\">Marvin facilitar\u00e1 la sesi\u00f3n<strong><em>: Comunicaci\u00f3n digital y\u00a0 redes sociales, nuevos horizontes para\u00a0 organizaciones<\/em><\/strong>.<\/p>\n<hr \/>\n<p style=\"text-align: justify;\">\u00a0<\/p>\n<h3><strong>Yenia Posadas<\/strong><\/h3>\n<p style=\"text-align: justify;\">Actriz, <img loading=\"lazy\" decoding=\"async\" class=\"size-thumbnail wp-image-1867 alignright\" src=\"http:\/\/www.circulaguatemala.org\/wp-content\/uploads\/2016\/05\/Yenia-Posadas-150x150.jpg\" alt=\"Yenia Posadas\" width=\"150\" height=\"150\" \/>escritora y experta en expresi\u00f3n corporal. Ha actuado con distintos colectivos y grupos, realizando adaptaciones de obras, mon\u00f3logos y guiones, as\u00ed como obras propias. Dentro de su experiencia tambi\u00e9n est\u00e1 la asesor\u00eda a empresas privadas para mejorar habilidades de comunicaci\u00f3n.<\/p>\n<p style=\"text-align: justify;\">Hemos invitado a Yenia a compartir su historia, as\u00ed como su talento para mejorar las habilidades de expresi\u00f3n de nuestros l\u00edderes participantes en la <strong><em>Sesi\u00f3n de Inspiraci\u00f3n<\/em><\/strong><em>.<\/em><\/p>\n<p style=\"text-align: justify;\">\u00a0<\/p>\n<hr \/>\n<h3 style=\"text-align: justify;\">\u00a0<\/h3>\n<h3><strong>Otto Aresti<\/strong><\/h3>\n<p style=\"text-align: justify;\">Es ab<img loading=\"lazy\" decoding=\"async\" class=\"size-thumbnail wp-image-1860 alignright\" src=\"http:\/\/www.circulaguatemala.org\/wp-content\/uploads\/2016\/05\/Otto-Aresti-150x150.jpg\" alt=\"Otto Aresti\" width=\"150\" height=\"150\" \/>ogado de profesi\u00f3n, con amplia experiencia en el mundo empresarial.\u00a0Adem\u00e1s de eso Otto ha tenido el inter\u00e9s en profundizar m\u00e1s sobre relaciones humanas y comunicaci\u00f3n eficaz. Ha sido conferenciante en C\u00e1mara de Comercio y es fundador de la Asociaci\u00f3n Guatemalteca de Ejecutivos de Cr\u00e9dito. Su expertiz en comunicaci\u00f3n le llev\u00f3 a desarrollar el curso \u201cExpres\u00e1ndonos con Propiedad\u201d,\u00a0 una herramienta de comunicaci\u00f3n para l\u00edderes.<\/p>\n<p style=\"text-align: justify;\">Otto facilitar\u00e1 para nosotros la sesi\u00f3n: <strong><em>Expres\u00e1ndonos con propiedad.<\/em><\/strong><\/p>\n<p style=\"text-align: justify;\">\u00a0<\/p>\n<hr \/>\n<h3 style=\"text-align: justify;\">\u00a0<\/h3>\n<h3 style=\"text-align: justify;\"><strong>Luz Marina Hern\u00e1ndez Cosp\u00edn<\/strong><\/h3>\n<p style=\"text-align: justify;\">Inge<img loading=\"lazy\" decoding=\"async\" class=\"size-thumbnail wp-image-1863 alignright\" src=\"http:\/\/www.circulaguatemala.org\/wp-content\/uploads\/2016\/05\/Luz-Marina-Hern\u00e1ndez-Cosp\u00edn-150x150.jpg\" alt=\"Luz Marina Hern\u00e1ndez Cosp\u00edn\" width=\"150\" height=\"150\" \/>niera Qu\u00edmica graduada de la Universidad del Valle de Guatemala, con Maestr\u00eda en Administraci\u00f3n de Empresas de ESEADE de la Universidad Francisco Marroqu\u00edn, es emprendedora y tiene varios proyectos de negocios a los que les da impulso. Tiene m\u00e1s de 15 a\u00f1os de explorar las artes pl\u00e1sticas por medio de la pintura, escultura y fotograf\u00eda.<\/p>\n<p style=\"text-align: justify;\">Luz Marina facilitar\u00e1 la sesi\u00f3n: <strong><em>Pr\u00e1ctica b\u00e1sica de fotograf\u00eda.<\/em><\/strong><\/p>\n<p style=\"text-align: justify;\">\u00a0<\/p>\n<p style=\"text-align: justify;\">\u00a0<\/p>","protected":false},"excerpt":{"rendered":"<p>LA COMUNICACI\u00d3N, HERRAMIENTA FUNDAMENTAL PARA UN L\u00cdDER Fecha: 20 y 21 de mayo 2016 Lugar: Hotel Vista a los Volcanes, Santa Luc\u00eda Milpas Altas. Hemos llegado al tercer m\u00f3dulo del curso. En esta ocasi\u00f3n profundizaremos sobre la importancia de la comunicaci\u00f3n en el ejercicio de un liderazgo \u00edntegro que inspira confianza.\u00a0 SESIONES DE ESTE M\u00d3DULO\u00a0 [&hellip;]<\/p>","protected":false},"author":3,"featured_media":0,"comment_status":"open","ping_status":"open","sticky":false,"template":"","format":"standard","meta":{"_acf_changed":false,"footnotes":""},"categories":[21],"tags":[22,23,24,25,26,27],"class_list":["post-1856","post","type-post","status-publish","format-standard","hentry","category-noticias","tag-6grados","tag-comunicacion-digital","tag-marvin-luna","tag-redes-sociales","tag-social-media","tag-sysnet"],"acf":[],"_links":{"self":[{"href":"https:\/\/www.circulaguatemala.org\/en\/wp-json\/wp\/v2\/posts\/1856"}],"collection":[{"href":"https:\/\/www.circulaguatemala.org\/en\/wp-json\/wp\/v2\/posts"}],"about":[{"href":"https:\/\/www.circulaguatemala.org\/en\/wp-json\/wp\/v2\/types\/post"}],"author":[{"embeddable":true,"href":"https:\/\/www.circulaguatemala.org\/en\/wp-json\/wp\/v2\/users\/3"}],"replies":[{"embeddable":true,"href":"https:\/\/www.circulaguatemala.org\/en\/wp-json\/wp\/v2\/comments?post=1856"}],"version-history":[{"count":0,"href":"https:\/\/www.circulaguatemala.org\/en\/wp-json\/wp\/v2\/posts\/1856\/revisions"}],"wp:attachment":[{"href":"https:\/\/www.circulaguatemala.org\/en\/wp-json\/wp\/v2\/media?parent=1856"}],"wp:term":[{"taxonomy":"category","embeddable":true,"href":"https:\/\/www.circulaguatemala.org\/en\/wp-json\/wp\/v2\/categories?post=1856"},{"taxonomy":"post_tag","embeddable":true,"href":"https:\/\/www.circulaguatemala.org\/en\/wp-json\/wp\/v2\/tags?post=1856"}],"curies":[{"name":"wp","href":"https:\/\/api.w.org\/{rel}","templated":true}]}}