{"id":2022,"date":"2016-06-21T18:05:58","date_gmt":"2016-06-21T18:05:58","guid":{"rendered":"http:\/\/www.liderazgoguatemala.org\/?p=2022"},"modified":"2016-06-21T18:05:58","modified_gmt":"2016-06-21T18:05:58","slug":"curso-profesional-de-liderazgo-y-colaboracion-modulo-4","status":"publish","type":"post","link":"https:\/\/www.circulaguatemala.org\/en\/curso-profesional-de-liderazgo-y-colaboracion-modulo-4\/","title":{"rendered":"Curso Profesional de Liderazgo y Colaboraci\u00f3n m\u00f3dulo 4"},"content":{"rendered":"<h3><strong>LIDERANDO EQUIPOS DE TRABAJO <\/strong><\/h3>\n<h4>Fecha: 24 y 25 de Junio 2016<\/h4>\n<h4>Lugar: Instalaciones de Fundaci\u00f3n Familias de Esperanza, Antigua Guatemala.<\/h4>\n<p style=\"text-align: justify;\">En el cuarto m\u00f3dulo aprenderemos sobre c\u00f3mo desarrollar estrategias de liderazgo para formar y dirigir equipos de trabajo capaces de contribuir al logro de objetivos organizacionales. Adem\u00e1s los participantes realizar\u00e1n una importante pr\u00e1ctica: su Discurso de Elevador. Ellos podr\u00e1n recibir retroalimentaci\u00f3n de expertos en comunicaci\u00f3n, as\u00ed como del resto de sus colegas. Ser\u00e1 sin duda, un m\u00f3dulo interesante.<\/p>\n<h3><strong>SESIONES DE ESTE M\u00d3DULO<\/strong>\u00a0<\/h3>\n<ul>\n<li>C\u00edrculo de confianza<\/li>\n<li>Aprendiendo juntos: \u201cAventura Organizacional\u201d<\/li>\n<li>Manejo de conflictos en equipos de trabajo y otros contextos.- Flor G<\/li>\n<li>Gerenciando hacia arriba.- Rosalina Ramos<\/li>\n<li>Construyendo equipos de alto rendimiento.- Fernando R.<\/li>\n<li>Grupos Co-Coaching<\/li>\n<li>Pr\u00e1ctica, retroalimentaci\u00f3n y asesor\u00eda en los discursos de elevador de los l\u00edderes.- Yenia Posadas y Alvita Batres.<\/li>\n<li>El apego.- Flor G.<\/li>\n<li>Sesi\u00f3n de inspiraci\u00f3n con Felipe Vel\u00e1squez.<\/li>\n<\/ul>\n<h3>\u00a0<\/h3>\n<h3><strong>Expositores Invitados<\/strong><\/h3>\n<p>&nbsp;<\/p>\n<h3 style=\"text-align: justify;\"><strong>Felipe Vel\u00e1squez<\/strong><a href=\"http:\/\/www.circulaguatemala.org\/wp-content\/uploads\/2016\/06\/Felipe-Vel\u00e1squez.jpg\"><img loading=\"lazy\" decoding=\"async\" class=\"size-thumbnail wp-image-2024 alignright\" src=\"http:\/\/www.circulaguatemala.org\/wp-content\/uploads\/2016\/06\/Felipe-Vel\u00e1squez-150x150.jpg\" alt=\"OLYMPUS DIGITAL CAMERA\" width=\"150\" height=\"150\" \/><\/a><\/h3>\n<p style=\"text-align: justify;\">Don Felipe es un l\u00edder Maya con amplia experiencia en educaci\u00f3n. Trabaja en Cuerpo de Paz como facilitador de Idioma y Cultura. Su profundo conocimiento de la Cosmovisi\u00f3n Maya le hace un l\u00edderar con pertinencia cultural y ser un puente entre culturas. Ha sido un colaborador destacado para nuestra Asociaci\u00f3n desde hace varios a\u00f1os, aportando dinamismo y un enfoque integral de lo que es y hace un l\u00edder.<\/p>\n<p style=\"text-align: justify;\">Don Felipe compartir\u00e1 con nosotros su experiencia con equipos de trabajo y su historia en nuestra <strong><em>Sesi\u00f3n de Inspiraci\u00f3n<\/em><\/strong>.<\/p>\n<hr \/>\n<p style=\"text-align: justify;\">\u00a0<\/p>\n<h3><strong>Rosalina Ramos<\/strong><a href=\"http:\/\/www.circulaguatemala.org\/wp-content\/uploads\/2016\/06\/Rosalina-Ramos.jpg\"><img loading=\"lazy\" decoding=\"async\" class=\"size-thumbnail wp-image-2026 alignright\" src=\"http:\/\/www.circulaguatemala.org\/wp-content\/uploads\/2016\/06\/Rosalina-Ramos-150x150.jpg\" alt=\"OLYMPUS DIGITAL CAMERA\" width=\"150\" height=\"150\" \/><\/a><\/h3>\n<p style=\"text-align: justify;\">Rosalina es una l\u00edder que surgi\u00f3 del movimiento de organizaciones no lucrativas en Guatemala desde su educaci\u00f3n y ha continuado como profesional en el mundo del desarrollo. Ella inici\u00f3 su carrera en Common Hope hace 25 a\u00f1os, siendo hoy la l\u00edder local con m\u00e1s a\u00f1os de servicio en esta organizaci\u00f3n. Hoy Rosalina, \u201cRosi\u201d como cari\u00f1osamente le conocen todos, es la Directora de Apadrinamiento y miembro del Equipo de Liderazgo Nacional de Common Hope.<\/p>\n<p style=\"text-align: justify;\">Adem\u00e1s es egresada del Curso Profesional de Liderazgo y Colaboraci\u00f3n 2015.<\/p>\n<p style=\"text-align: justify;\">Rosi facilitar\u00e1 para nosotros la sesi\u00f3n: <strong><em>Gerenciando hacia arriba,<\/em><\/strong> sobre c\u00f3mo podemos desarrollar una relaci\u00f3n de mutua colaboraci\u00f3n y crecimiento con nuestros jefes.<\/p>\n<p style=\"text-align: justify;\">\u00a0<\/p>\n<hr \/>\n<h3 style=\"text-align: justify;\">\u00a0<strong>Alva Batres<\/strong><\/h3>\n<h3><a href=\"http:\/\/www.circulaguatemala.org\/wp-content\/uploads\/2016\/06\/Alvita-Batres.jpg\"><img loading=\"lazy\" decoding=\"async\" class=\"size-thumbnail wp-image-2028 alignright\" src=\"http:\/\/www.circulaguatemala.org\/wp-content\/uploads\/2016\/06\/Alvita-Batres-150x150.jpg\" alt=\"Alvita Batres\" width=\"150\" height=\"150\" \/><\/a><\/h3>\n<p style=\"text-align: justify;\">Alva Batres, egresada de ALG en la promoci\u00f3n de 2013, es una reconocida periodista, activista en la lucha por la libertad de expresi\u00f3n, la igualdad para la mujer, el medio ambiente y la educaci\u00f3n. Alvita ha recibido reconocimiento a lo largo de su carrera como comunicadora, pero su valor principal radica en su integridad y gran fortaleza. En esta ocasi\u00f3n facilitamos el link de uno de los varios art\u00edculos que se han escrito sobre ella.\u00a0\u00a0 <a href=\"http:\/\/saladeredaccion.com\/alvita-batres-ejemplar-en-la-defensa-de-derechos-de-la-mujer\/\">http:\/\/saladeredaccion.com\/alvita-batres-ejemplar-en-la-defensa-de-derechos-de-la-mujer\/<\/a><\/p>\n<p style=\"text-align: justify;\">En este m\u00f3dulo Alvita ser\u00e1 parte del panel que escuchar\u00e1 los Discursos de Elevador (Elevator Pitch) de los l\u00edderes participantes en el curso 2016, y les dar\u00e1 una retroalimentaci\u00f3n profesional sobre el contenido y forma de los mismos.<\/p>\n<p style=\"text-align: justify;\">\u00a0<\/p>\n<hr \/>\n<h3 style=\"text-align: justify;\"><strong>Yenia Posadas<\/strong><\/h3>\n<h3><a href=\"http:\/\/www.circulaguatemala.org\/wp-content\/uploads\/2016\/05\/Yenia-Posadas.jpg\"><img loading=\"lazy\" decoding=\"async\" class=\"alignright size-thumbnail wp-image-1867\" src=\"http:\/\/www.circulaguatemala.org\/wp-content\/uploads\/2016\/05\/Yenia-Posadas-150x150.jpg\" alt=\"Yenia Posadas\" width=\"150\" height=\"150\" \/><\/a><\/h3>\n<p style=\"text-align: justify;\">En este m\u00f3dulo, es un gusto volver a contar con Yenia Posadas, actriz y experta en expresi\u00f3n corporal, quien en formar\u00e1 parte del panel que escuchar\u00e1 los Discursos de Elevador (Elevator Pitch) de los l\u00edderes participantes en el curso 2016, y les dar\u00e1 una retroalimentaci\u00f3n profesional sobre la mejor manera de transmitir y comunicar el contenido de los mismos.<\/p>","protected":false},"excerpt":{"rendered":"<p>LIDERANDO EQUIPOS DE TRABAJO Fecha: 24 y 25 de Junio 2016 Lugar: Instalaciones de Fundaci\u00f3n Familias de Esperanza, Antigua Guatemala. En el cuarto m\u00f3dulo aprenderemos sobre c\u00f3mo desarrollar estrategias de liderazgo para formar y dirigir equipos de trabajo capaces de contribuir al logro de objetivos organizacionales. Adem\u00e1s los participantes realizar\u00e1n una importante pr\u00e1ctica: su Discurso [&hellip;]<\/p>","protected":false},"author":3,"featured_media":0,"comment_status":"open","ping_status":"open","sticky":false,"template":"","format":"standard","meta":{"_acf_changed":false,"footnotes":""},"categories":[21],"tags":[],"class_list":["post-2022","post","type-post","status-publish","format-standard","hentry","category-noticias"],"acf":[],"_links":{"self":[{"href":"https:\/\/www.circulaguatemala.org\/en\/wp-json\/wp\/v2\/posts\/2022"}],"collection":[{"href":"https:\/\/www.circulaguatemala.org\/en\/wp-json\/wp\/v2\/posts"}],"about":[{"href":"https:\/\/www.circulaguatemala.org\/en\/wp-json\/wp\/v2\/types\/post"}],"author":[{"embeddable":true,"href":"https:\/\/www.circulaguatemala.org\/en\/wp-json\/wp\/v2\/users\/3"}],"replies":[{"embeddable":true,"href":"https:\/\/www.circulaguatemala.org\/en\/wp-json\/wp\/v2\/comments?post=2022"}],"version-history":[{"count":0,"href":"https:\/\/www.circulaguatemala.org\/en\/wp-json\/wp\/v2\/posts\/2022\/revisions"}],"wp:attachment":[{"href":"https:\/\/www.circulaguatemala.org\/en\/wp-json\/wp\/v2\/media?parent=2022"}],"wp:term":[{"taxonomy":"category","embeddable":true,"href":"https:\/\/www.circulaguatemala.org\/en\/wp-json\/wp\/v2\/categories?post=2022"},{"taxonomy":"post_tag","embeddable":true,"href":"https:\/\/www.circulaguatemala.org\/en\/wp-json\/wp\/v2\/tags?post=2022"}],"curies":[{"name":"wp","href":"https:\/\/api.w.org\/{rel}","templated":true}]}}