{"id":2062,"date":"2016-07-21T18:00:38","date_gmt":"2016-07-21T18:00:38","guid":{"rendered":"http:\/\/www.liderazgoguatemala.org\/?p=2062"},"modified":"2016-07-21T18:00:38","modified_gmt":"2016-07-21T18:00:38","slug":"curso-profesional-de-liderazgo-y-colaboracion-modulo-5","status":"publish","type":"post","link":"https:\/\/www.circulaguatemala.org\/en\/curso-profesional-de-liderazgo-y-colaboracion-modulo-5\/","title":{"rendered":"Curso Profesional de Liderazgo y Colaboraci\u00f3n m\u00f3dulo 5"},"content":{"rendered":"<h3><strong>METODOS Y HERRAMIENTAS ORGANIZATIVAS<\/strong><\/h3>\n<h4>Fecha: 29 y 30 de Julio 2016<\/h4>\n<h4>Lugar: Centro de retiro Puerta Dorada, San Pedro el Alto, Antigua Guatemala.<\/h4>\n<p style=\"text-align: justify;\">En el quinto m\u00f3dulo adquiriremos m\u00e9todos y herramientas organizativas que permiten mayor eficiencia en el ejercicio del Liderazgo y aumentan las posibilidades de \u00e9xito de un proyecto. Todos nuestros invitados hablar\u00e1n desde su experiencia real en el manejo de los temas que presentar\u00e1n. Ser\u00e1 un m\u00f3dulo de alt\u00edsimo nivel que ninguno de los participantes se querr\u00e1 perder.<\/p>\n<h3><strong>SESIONES DE ESTE M\u00d3DULO<\/strong>\u00a0<\/h3>\n<ul>\n<li>C\u00edrculo de confianza.<\/li>\n<li>Aprendiendo a manejar Subvenciones o Grants.- Erin Treinen<\/li>\n<li>Mejores pr\u00e1cticas en Recursos Humanos.- ALG<\/li>\n<li>Taller Organ\u00edzate.\u2013 Daniel L\u00f3pez<\/li>\n<li>Bases de la Planificaci\u00f3n Estrat\u00e9gica.\u2013 Jeff Barnes.<\/li>\n<li>Grupos Co-Coaching<\/li>\n<li>Las mejores pr\u00e1cticas en presupuestos.- Tamalyn Guti\u00e9rrez<\/li>\n<li>Sesi\u00f3n de Inspiraci\u00f3n.- Boris Lemus<\/li>\n<\/ul>\n<p>&nbsp;<\/p>\n<h2><strong>Expositores Invitados<\/strong><\/h2>\n<p>&nbsp;<\/p>\n<h4 style=\"text-align: left;\"><strong>Erin Treinen<a href=\"http:\/\/www.circulaguatemala.org\/wp-content\/uploads\/2016\/07\/Erin.jpg\"><img loading=\"lazy\" decoding=\"async\" class=\"size-thumbnail wp-image-2067 alignleft\" src=\"http:\/\/www.circulaguatemala.org\/wp-content\/uploads\/2016\/07\/Erin-150x150.jpg\" alt=\"Erin\" width=\"150\" height=\"150\" \/><\/a><\/strong><\/h4>\n<p style=\"text-align: justify;\">Originaria de Minessota, Erin vino a Guatemala en 2016 para trabajar con el Cuerpo de Paz, facilitado un programa de Escuelas Saludables en Tecp\u00e1n, donde se enamor\u00f3 de Guatemala. Fue encargada de la oficina de comunicaciones en Fundaci\u00f3n Familias de Esperanza, donde tuvo a su cargo la b\u00fasqueda, aplicaci\u00f3n y reportes de subvenciones, desarrollando experiencia en recaudaci\u00f3n de fondos y relaci\u00f3n con donantes. Actualmente es la directora del \u00e1rea de Hospitalidad para la misma organizaci\u00f3n.\u00a0Erin facilitar\u00e1 la sesi\u00f3n: <strong><em>Aprendiendo a manejar Subvenciones (Grants<\/em>)<\/strong><\/p>\n<hr \/>\n<p style=\"text-align: justify;\">\u00a0<\/p>\n<h4 style=\"text-align: left;\"><strong>Daniel Lopez<a href=\"http:\/\/www.circulaguatemala.org\/wp-content\/uploads\/2016\/07\/Daniel-Lopez.jpg\"><img loading=\"lazy\" decoding=\"async\" class=\"size-thumbnail wp-image-2073 alignleft\" src=\"http:\/\/www.circulaguatemala.org\/wp-content\/uploads\/2016\/07\/Daniel-Lopez-150x150.jpg\" alt=\"Daniel Lopez\" width=\"150\" height=\"150\" \/><\/a><br \/><\/strong><\/h4>\n<p style=\"text-align: justify;\">Daniel es un Ingeniero Civil, egresado de USAC y MBA del Tec de Monterrey en Administraci\u00f3n de Empresas de Servicio y de Empresa Social. \u00a0Desde su empresa Veinteochenta, dirige un grupo de personas que asesoran compa\u00f1\u00edas e individuos para aprovechar al m\u00e1ximo el tiempo. Su metodolog\u00eda se basa en el material desarrollado por Sunny Schlenger, organizadora profesional, consultora, autora y mentora con m\u00e1s de 30 a\u00f1os de experiencia como pionera en su campo. Ella es autora del libro \"C\u00f3mo organizarse a pesar de su Personalidad\" \u00a0cuyo enfoque fue autorizado mediante el programa de desarrollo y entrenamiento de la Universidad de Harvard. Daniel representa este programa en Latinoam\u00e9rica. <a href=\"mailto:daniel@veinteochenta.com\">daniel@veinteochenta.com<\/a>.\u00a0Daniel facilitar\u00e1 el <strong><em>Taller Organ\u00edzate<\/em><\/strong>, para los l\u00edderes de este a\u00f1o.<\/p>\n<hr \/>\n<p>&nbsp;<\/p>\n<h4 style=\"text-align: left;\"><strong><a href=\"http:\/\/www.circulaguatemala.org\/wp-content\/uploads\/2016\/07\/Jeff-Barnes.jpg\"><img loading=\"lazy\" decoding=\"async\" class=\"size-thumbnail wp-image-2076 alignleft\" src=\"http:\/\/www.circulaguatemala.org\/wp-content\/uploads\/2016\/07\/Jeff-Barnes-150x150.jpg\" alt=\"Jeff Barnes\" width=\"150\" height=\"150\" \/><\/a>Jeff Barnes<\/strong><\/h4>\n<p style=\"text-align: justify;\">De profesi\u00f3n Economista, especializado en Historia y Desarrollo Econ\u00f3mico de Centro Am\u00e9rica, ha sido Director de Planificaci\u00f3n Estrat\u00e9gica para Common Hope por cerca de 15 a\u00f1os. Esta es una de las organizaciones internacionales no lucrativas pioneras en\u00a0Guatemala y bajo la direcci\u00f3n de Jeff en la planificaci\u00f3n estrat\u00e9gica ha crecido estable y fuerte. Este a\u00f1o celebrar\u00e1n 30 a\u00f1os de funcionamiento. Jeff tambi\u00e9n ha puesto al servicio de otras organizaciones su experiencia y su tiempo asesor\u00e1ndoles en temas de planificaci\u00f3n.\u00a0Jeff facilitar\u00e1 la sesi\u00f3n: <strong><em>Bases de Planificaci\u00f3n Estrat\u00e9gica<\/em><\/strong>.<\/p>\n<hr \/>\n<p>&nbsp;<\/p>\n<h4><strong>Tamalyn Jackson Gutierrez<strong><em><a href=\"http:\/\/www.circulaguatemala.org\/wp-content\/uploads\/2016\/07\/Tamalyn-edited.jpg\"><img loading=\"lazy\" decoding=\"async\" class=\"size-thumbnail wp-image-2079 alignleft\" src=\"http:\/\/www.circulaguatemala.org\/wp-content\/uploads\/2016\/07\/Tamalyn-edited-150x150.jpg\" alt=\"OLYMPUS DIGITAL CAMERA\" width=\"150\" height=\"150\" \/><\/a><\/em><\/strong> <\/strong><\/h4>\n<p style=\"text-align: justify;\">Fue Directora Nacional de Common Hope por 10 a\u00f1os, teniendo a su cargo un equipo de 120 personas y supervisando programas de desarrollo en educaci\u00f3n,\u00a0salud y vivienda. Ha formado parte de varias juntas directivas de organizaciones no lucrativas, es una l\u00edder reconocida en la comunidad de organizaciones de desarrollo. Su camino de liderazgo inici\u00f3 muy temprano, Tamalyn se ha movido siempre en un mundo de interculturalidad. Este a\u00f1o concluy\u00f3 su etapa como Directora Nacional para dedicarse a otras \u00e1reas importantes de su vida, sobre todo a sus hijos.\u00a0Tamalyn, quien es miembro de la Junta Directiva de Asociaci\u00f3n para el Liderazgo en Guatemala, facilitar\u00e1 la sesi\u00f3n: <strong><em>Las mejores pr\u00e1cticas en presupuestos<\/em><\/strong><\/p>\n<hr \/>\n<p>&nbsp;<\/p>\n<h4><strong><em><br \/><a href=\"http:\/\/www.circulaguatemala.org\/wp-content\/uploads\/2016\/07\/boris.png\"><img loading=\"lazy\" decoding=\"async\" class=\"size-thumbnail wp-image-2082 alignleft\" src=\"http:\/\/www.circulaguatemala.org\/wp-content\/uploads\/2016\/07\/boris-150x150.png\" alt=\"boris\" width=\"150\" height=\"150\" \/><\/a><\/em>Boris Lemus<\/strong><\/h4>\n<p>Boris estudi\u00f3 en el prestigioso Instituto de Tecnolog\u00eda de Massachusetts MIT. Siempre ha sido un emprendedor que conoce el \u00e9xito y tambi\u00e9n los obst\u00e1culos que hacen tambalear un proyecto. Entre los emprendimientos de Boris est\u00e1 un estudio de grabaci\u00f3n, una revista sobre agronom\u00eda, un proyecto educativo digital, la producci\u00f3n de corto metrajes, publicidad y otros. El m\u00e1s reciente y reconocido es Soyfri, una aplicaci\u00f3n tecnol\u00f3gica para realizar transacciones de dinero a trav\u00e9s del tel\u00e9fono. Este proyecto le ha ganado los siguientes reconocimientos:<\/p>\n<p style=\"text-align: justify;\">En 2014 fue nombrada una de las mejores ideas en tecnolog\u00eda a nivel mundial por el BID en el Startup Nations Summit; 2015 fue reconocida como una de las mejores ideas en Latinoamerica por I-3 LATAM;\u00a0 2015 fue nombrado como Caso de \u00c9xito en Am\u00e9rica Latina por Prodem, Universidad Nacional General Sarmento, BID y OMIN;\u00a0 2015 Nominada WSA entre las mejores 16 ideas del mundo en la categor\u00eda Business &amp; Commerce. Adem\u00e1s es el fundador de la Asociaci\u00f3n de Emprendedores de Guatemala. Boris presentar\u00e1 su historia de emprendimiento en nuestra <strong><em>Sesi\u00f3n de Inspiraci\u00f3n<\/em><\/strong>.\u00a0<a href=\"http:\/\/www.soyfri.com\/\"><strong>http:\/\/www.soyfri.com\/<\/strong><\/a><\/p>\n<hr \/>\n<p>&nbsp;<\/p>\n<p style=\"text-align: justify;\">\u00a0<\/p>\n<p style=\"text-align: left;\">\u00a0<\/p>","protected":false},"excerpt":{"rendered":"<p>METODOS Y HERRAMIENTAS ORGANIZATIVAS Fecha: 29 y 30 de Julio 2016 Lugar: Centro de retiro Puerta Dorada, San Pedro el Alto, Antigua Guatemala. En el quinto m\u00f3dulo adquiriremos m\u00e9todos y herramientas organizativas que permiten mayor eficiencia en el ejercicio del Liderazgo y aumentan las posibilidades de \u00e9xito de un proyecto. Todos nuestros invitados hablar\u00e1n desde [&hellip;]<\/p>","protected":false},"author":3,"featured_media":0,"comment_status":"open","ping_status":"open","sticky":false,"template":"","format":"standard","meta":{"_acf_changed":false,"footnotes":""},"categories":[21],"tags":[],"class_list":["post-2062","post","type-post","status-publish","format-standard","hentry","category-noticias"],"acf":[],"_links":{"self":[{"href":"https:\/\/www.circulaguatemala.org\/en\/wp-json\/wp\/v2\/posts\/2062"}],"collection":[{"href":"https:\/\/www.circulaguatemala.org\/en\/wp-json\/wp\/v2\/posts"}],"about":[{"href":"https:\/\/www.circulaguatemala.org\/en\/wp-json\/wp\/v2\/types\/post"}],"author":[{"embeddable":true,"href":"https:\/\/www.circulaguatemala.org\/en\/wp-json\/wp\/v2\/users\/3"}],"replies":[{"embeddable":true,"href":"https:\/\/www.circulaguatemala.org\/en\/wp-json\/wp\/v2\/comments?post=2062"}],"version-history":[{"count":0,"href":"https:\/\/www.circulaguatemala.org\/en\/wp-json\/wp\/v2\/posts\/2062\/revisions"}],"wp:attachment":[{"href":"https:\/\/www.circulaguatemala.org\/en\/wp-json\/wp\/v2\/media?parent=2062"}],"wp:term":[{"taxonomy":"category","embeddable":true,"href":"https:\/\/www.circulaguatemala.org\/en\/wp-json\/wp\/v2\/categories?post=2062"},{"taxonomy":"post_tag","embeddable":true,"href":"https:\/\/www.circulaguatemala.org\/en\/wp-json\/wp\/v2\/tags?post=2062"}],"curies":[{"name":"wp","href":"https:\/\/api.w.org\/{rel}","templated":true}]}}