{"id":224,"date":"2024-09-11T03:35:26","date_gmt":"2024-09-11T03:35:26","guid":{"rendered":"https:\/\/liderazgoguatemala.org\/?p=224"},"modified":"2024-09-12T06:15:10","modified_gmt":"2024-09-12T06:15:10","slug":"liderar-desde-tu-poder-personal","status":"publish","type":"post","link":"https:\/\/www.circulaguatemala.org\/en\/liderar-desde-tu-poder-personal\/","title":{"rendered":"Liderar desde tu poder personal"},"content":{"rendered":"<p>Durante este mes compartiremos recursos enfocando nuestra atenci\u00f3n en el tema de Liderazgo. Pero, \u00bfQu\u00e9 entendemos por liderazgo? Una forma de verlo es como&nbsp;la capacidad de delegar y gestionar un proyecto eficientemente, sea personal, gerencial, institucional, comunitario o incluso de pa\u00eds. Tambi\u00e9n se asocia al conjunto de habilidades gerenciales o directivas que un individuo tiene para influir en la forma de ser o actuar de las personas o en un grupo determinado. Estas definiciones invitan a imaginar a las lideresas y a los l\u00edderes como personas ya sea con dotes excepcionales o con una posici\u00f3n&nbsp; sobresaliente y con un poder reservado para pocos que se puede ejercer sobre muchos.<\/p>\n\n\n\n<p>Nuestra idea del liderazgo, aunque reconoce que hay verdad en las otras definiciones, parte desde la sabidur\u00eda y el poder personal, reconociendo que cada persona puede ser una lideresa o un l\u00edder. Desde esta mirada, el liderazgo no es algo permanente que uno sostiene solamente con declarar \u201cYo soy un l\u00edder\u201d, sino&nbsp; algo que surge y se puede elegir -o no- momento a momento. Visto as\u00ed, liderazgo significa tomar responsabilidad de actuar en funci\u00f3n de un prop\u00f3sito y hacerlo cuidando el bienestar de todo, sabiendo que cada cosa y ser son interdependientes entre s\u00ed. De modo que asumir liderazgo es&nbsp; cuidar c\u00f3mo se conseguir\u00e1 un prop\u00f3sito considerando las consecuencias. Es no perder de vista las necesidades de las personas que dicho prop\u00f3sito re\u00fane o alcanza.<\/p>\n\n\n\n<p>El liderazgo no requiere poder estructural y quienes lo asumen son percibidos como l\u00edderes naturalmente en su momento, sean nombrados como tales o no.&nbsp;Todos tenemos la libertad de asumir esa responsabilidad, ese liderazgo, a\u00fan si nadie m\u00e1s lo hace.<\/p>\n\n\n\n<p>As\u00ed es como vamos ejerciendo nuestra influencia en la vida, asumiendo liderazgo naturalmente. Lo haces cuando te levantas en el transporte p\u00fablico para ceder tu espacio a un anciano, influenciando con tu actuar a los otros pasajeros. Lo haces cuando llevas tu bolsa de tela al supermercado inspirando a m\u00e1s compradores&nbsp; a hacerlo tambi\u00e9n. Lo haces cuando hablas con valent\u00eda ante una injusticia, cuando te retiras de una conversaci\u00f3n mal intencionada, cuando decides que durante tu gesti\u00f3n no habr\u00e1 corrupci\u00f3n en ninguna forma. A veces vemos convicci\u00f3n en otro, pasi\u00f3n por un prop\u00f3sito o mayor capacidad para alcanzar ese prop\u00f3sito y decidimos seguir su liderazgo sin acaparar en nosotros el poder todo el tiempo y eso tambi\u00e9n est\u00e1 bien. Siempre podemos tomar esas elecciones&nbsp;\u00a1y la tomamos! Solo que no siempre estamos conscientes de ello.<\/p>","protected":false},"excerpt":{"rendered":"<p>Durante este mes compartiremos recursos enfocando nuestra atenci\u00f3n en el tema de Liderazgo. Pero, \u00bfQu\u00e9 entendemos por liderazgo? Una forma de verlo es como&nbsp;la capacidad de delegar y gestionar un proyecto eficientemente, sea personal, gerencial, institucional, comunitario o incluso de pa\u00eds. Tambi\u00e9n se asocia al conjunto de habilidades gerenciales o directivas que un individuo tiene [&hellip;]<\/p>","protected":false},"author":2,"featured_media":225,"comment_status":"open","ping_status":"open","sticky":false,"template":"","format":"standard","meta":{"_acf_changed":false,"footnotes":""},"categories":[1],"tags":[],"class_list":["post-224","post","type-post","status-publish","format-standard","has-post-thumbnail","hentry","category-uncategorized"],"acf":[],"_links":{"self":[{"href":"https:\/\/www.circulaguatemala.org\/en\/wp-json\/wp\/v2\/posts\/224"}],"collection":[{"href":"https:\/\/www.circulaguatemala.org\/en\/wp-json\/wp\/v2\/posts"}],"about":[{"href":"https:\/\/www.circulaguatemala.org\/en\/wp-json\/wp\/v2\/types\/post"}],"author":[{"embeddable":true,"href":"https:\/\/www.circulaguatemala.org\/en\/wp-json\/wp\/v2\/users\/2"}],"replies":[{"embeddable":true,"href":"https:\/\/www.circulaguatemala.org\/en\/wp-json\/wp\/v2\/comments?post=224"}],"version-history":[{"count":1,"href":"https:\/\/www.circulaguatemala.org\/en\/wp-json\/wp\/v2\/posts\/224\/revisions"}],"predecessor-version":[{"id":226,"href":"https:\/\/www.circulaguatemala.org\/en\/wp-json\/wp\/v2\/posts\/224\/revisions\/226"}],"wp:featuredmedia":[{"embeddable":true,"href":"https:\/\/www.circulaguatemala.org\/en\/wp-json\/wp\/v2\/media\/225"}],"wp:attachment":[{"href":"https:\/\/www.circulaguatemala.org\/en\/wp-json\/wp\/v2\/media?parent=224"}],"wp:term":[{"taxonomy":"category","embeddable":true,"href":"https:\/\/www.circulaguatemala.org\/en\/wp-json\/wp\/v2\/categories?post=224"},{"taxonomy":"post_tag","embeddable":true,"href":"https:\/\/www.circulaguatemala.org\/en\/wp-json\/wp\/v2\/tags?post=224"}],"curies":[{"name":"wp","href":"https:\/\/api.w.org\/{rel}","templated":true}]}}