{"id":2253,"date":"2017-01-03T00:09:25","date_gmt":"2017-01-03T00:09:25","guid":{"rendered":"http:\/\/www.liderazgoguatemala.org\/?p=2253"},"modified":"2017-01-03T00:09:25","modified_gmt":"2017-01-03T00:09:25","slug":"iniciando-el-anio","status":"publish","type":"post","link":"https:\/\/www.circulaguatemala.org\/en\/iniciando-el-anio\/","title":{"rendered":"Iniciando el a\u00f1o"},"content":{"rendered":"<p>En el primer d\u00eda de trabajo del 2017 decid\u00ed iniciar de forma diferente. Tom\u00e9 mi desayuno lentamente en una cafeter\u00eda cerca de casa, convers\u00e9 con alguien y mientras lo hac\u00eda y prest\u00e9 atenci\u00f3n a los gestos, palabras y a la mirada.<\/p>\n<p>\u00a0El zumbido de mis viejos relojes internos pulsaba para iniciar la carrera de aprovechar el d\u00eda en la forma m\u00e1s \u201cproductiva\u201d que la mayor\u00eda de nosotros hemos aprendido y sumergirme de lleno en la lista de tareas y compromisos. Pero de nuevo tom\u00e9 una pausa, respir\u00e9 profundamente y decid\u00ed observar m\u00e1s cuidadosamente mi alrededor: los negocios que empezaban a abrir sus puertas, los trabajadores que se dirigen a su trabajo, las parejas de madres e hijos comiendo juntos aprovechando los \u00faltimos d\u00edas de las vacaciones, el cielo y los sonidos.<\/p>\n<p>Deseo sostener una palabra cerca de mi coraz\u00f3n en este a\u00f1o: Presencia.<\/p>\n<p>Estar presente en la forma m\u00e1s completa posible. Y con esto recordar\u00e9 que puedo permitir que mis dudas y temores se vean frente a frente con mis esperanzas y fortalezas.<\/p>\n<p>Viendo partir un a\u00f1o de gran sufrimiento, tristeza y ansiedad en el mundo, quiero iniciar el nuevo aprendiendo a ser un mejor ser humano, acompa\u00f1ante y l\u00edder. No s\u00f3lo actuando en solidaridad sino tambi\u00e9n tomando momentos para dejar que mis pies toquen el suelo. Para volver a la Presencia.<\/p>\n<p>Aqu\u00ed est\u00e1 mi deseo para todos nosotros: que la simple presencia llene nuestros d\u00edas venideros. Que esta presencia sea compasiva \u2013 ofrecida amablemente a nosotros mismos y a otros. Para que podamos notar las oportunidades de ser nuestra mejor versi\u00f3n y que lideremos desde esa ya tan escasa capacidad humana de estar aqu\u00ed y ahora.<\/p>\n<p>\u00bfY t\u00fa, qu\u00e9 palabra sostienes cerca de tu coraz\u00f3n para 2017?<\/p>\n<figure id=\"attachment_2251\" aria-describedby=\"caption-attachment-2251\" style=\"width: 150px\" class=\"wp-caption aligncenter\"><a href=\"http:\/\/www.circulaguatemala.org\/wp-content\/uploads\/2017\/01\/DSC01015.jpg\"><img loading=\"lazy\" decoding=\"async\" class=\"size-thumbnail wp-image-2251\" src=\"http:\/\/www.circulaguatemala.org\/wp-content\/uploads\/2017\/01\/DSC01015-150x150.jpg\" alt=\"&quot;Me encantar\u00eda vivir como un caudal de los r\u00edos , transportados por la sorpresa de su propio desarrollo.&quot;                                           John O'Donohue \" width=\"150\" height=\"150\" \/><\/a><figcaption id=\"caption-attachment-2251\" class=\"wp-caption-text\">\"Me encantar\u00eda vivir como un caudal de los r\u00edos , transportados por la sorpresa de su propio desarrollo.\" John O'Donohue<\/figcaption><\/figure>\n<p>&nbsp;<\/p>\n<p>&nbsp;<\/p>\n<p>&nbsp;<\/p>","protected":false},"excerpt":{"rendered":"<p>En el primer d\u00eda de trabajo del 2017 decid\u00ed iniciar de forma diferente. Tom\u00e9 mi desayuno lentamente en una cafeter\u00eda cerca de casa, convers\u00e9 con alguien y mientras lo hac\u00eda y prest\u00e9 atenci\u00f3n a los gestos, palabras y a la mirada. \u00a0El zumbido de mis viejos relojes internos pulsaba para iniciar la carrera de aprovechar [&hellip;]<\/p>","protected":false},"author":3,"featured_media":0,"comment_status":"open","ping_status":"open","sticky":false,"template":"","format":"standard","meta":{"_acf_changed":false,"footnotes":""},"categories":[18],"tags":[],"class_list":["post-2253","post","type-post","status-publish","format-standard","hentry","category-blog-2"],"acf":[],"_links":{"self":[{"href":"https:\/\/www.circulaguatemala.org\/en\/wp-json\/wp\/v2\/posts\/2253"}],"collection":[{"href":"https:\/\/www.circulaguatemala.org\/en\/wp-json\/wp\/v2\/posts"}],"about":[{"href":"https:\/\/www.circulaguatemala.org\/en\/wp-json\/wp\/v2\/types\/post"}],"author":[{"embeddable":true,"href":"https:\/\/www.circulaguatemala.org\/en\/wp-json\/wp\/v2\/users\/3"}],"replies":[{"embeddable":true,"href":"https:\/\/www.circulaguatemala.org\/en\/wp-json\/wp\/v2\/comments?post=2253"}],"version-history":[{"count":0,"href":"https:\/\/www.circulaguatemala.org\/en\/wp-json\/wp\/v2\/posts\/2253\/revisions"}],"wp:attachment":[{"href":"https:\/\/www.circulaguatemala.org\/en\/wp-json\/wp\/v2\/media?parent=2253"}],"wp:term":[{"taxonomy":"category","embeddable":true,"href":"https:\/\/www.circulaguatemala.org\/en\/wp-json\/wp\/v2\/categories?post=2253"},{"taxonomy":"post_tag","embeddable":true,"href":"https:\/\/www.circulaguatemala.org\/en\/wp-json\/wp\/v2\/tags?post=2253"}],"curies":[{"name":"wp","href":"https:\/\/api.w.org\/{rel}","templated":true}]}}