{"id":2325,"date":"2017-03-21T17:59:58","date_gmt":"2017-03-21T17:59:58","guid":{"rendered":"http:\/\/www.liderazgoguatemala.org\/?p=2325"},"modified":"2017-03-21T17:59:58","modified_gmt":"2017-03-21T17:59:58","slug":"diplomado-en-liderazgo-y-colaboracion-2017-modulo-1","status":"publish","type":"post","link":"https:\/\/www.circulaguatemala.org\/en\/diplomado-en-liderazgo-y-colaboracion-2017-modulo-1\/","title":{"rendered":"DIPLOMADO EN LIDERAZGO Y COLABORACI\u00d3N 2017    M\u00d3DULO 1"},"content":{"rendered":"<h3><strong>EL PUNTO DE PARTIDA<\/strong><\/h3>\n<p style=\"text-align: justify;\">Iniciamos el primer m\u00f3dulo del Diplomado los d\u00edas 24 y 25 de marzo en compa\u00f1\u00eda 32 extraordinarios l\u00edderes de distintas regiones de Guatemala. La actividad se realiza en casa de retiros Puerta Dorada, Antigua.<\/p>\n<p style=\"text-align: justify;\">El tema central es <strong><em>\u201cEl punto de partida para la integraci\u00f3n de una comunidad de Liderazgo\u201d <\/em><\/strong>y el objetivo es que cada l\u00edder sea capaz de identificar cu\u00e1l es su punto de partida y hacia d\u00f3nde desea orientar su liderazgo, vali\u00e9ndose de herramientas de an\u00e1lisis y de la reflexi\u00f3n grupal en compa\u00f1\u00eda de la nueva comunidad de l\u00edderes a la que se est\u00e1 integrando.<\/p>\n<h3><strong>TEMAS DE ESTE M\u00d3DULO<\/strong><\/h3>\n<ul>\n<li>C\u00edrculo de confianza.<\/li>\n<li>Teor\u00eda de Cambios.<\/li>\n<li>Victoria Interna-Externa, basado en el material de Covey.<\/li>\n<li>Mentor\u00eda\u00a0 grupal (Centro Liderato).<\/li>\n<li>El arte en el liderazgo, basado en el material de Goleman.<\/li>\n<li>Metas SMART<\/li>\n<li>Ejercicio personal: revisi\u00f3n de la trayectoria de Liderazgo<\/li>\n<\/ul>\n<h3><\/h3>\n<h3><strong>Expositores Invitados<\/strong><\/h3>\n<p>&nbsp;<\/p>\n<h3 style=\"text-align: justify;\">Jeff Barnes<\/h3>\n<p style=\"text-align: justify;\"><strong><em>Teor\u00eda de Cambio<\/em><\/strong><\/p>\n<p><img loading=\"lazy\" decoding=\"async\" class=\"size-thumbnail wp-image-2076 alignright\" src=\"http:\/\/www.circulaguatemala.org\/wp-content\/uploads\/2016\/07\/Jeff-Barnes-150x150.jpg\" alt=\"Jeff Barnes\" width=\"150\" height=\"150\" \/><\/p>\n<p>&nbsp;<\/p>\n<p style=\"text-align: justify;\">De profesi\u00f3n Economista, Jeff se especializ\u00f3 en Historia y Desarrollo Econ\u00f3mico de Centro Am\u00e9rica. Ha trabajado y\u00a0vivido en distintas partes del mundo y finalmente se estableci\u00f3 en Guatemala donde ha sido Director de Planificaci\u00f3n Estrat\u00e9gica de una de las organizaciones internacionales pioneras en\u00a0temas de desarrollo por m\u00e1s de 13 a\u00f1os.<\/p>\n<hr \/>\n<h3 style=\"text-align: justify;\">Mar\u00eda Mercedes G\u00e1lvez<\/h3>\n<p><em><strong>Sesi\u00f3n de Mentor\u00eda Grupal<\/strong><\/em><\/p>\n<p style=\"text-align: justify;\">Mar\u00eda M<img loading=\"lazy\" decoding=\"async\" class=\"size-thumbnail wp-image-2326 alignright\" src=\"http:\/\/www.circulaguatemala.org\/wp-content\/uploads\/2017\/03\/Mar\u00eda-Mercedez-Galvez-150x150.jpg\" alt=\"Mar\u00eda Mercedez Galvez\" width=\"150\" height=\"150\" \/>ercedes, es Coach Ontol\u00f3gico y Business Coach,\u00a0 Certificada en The Newfield Network (ICF certified) y en\u00a0 el\u00a0 Conscious Business Coaching\u00a0 (CBC), entre otras certificaciones internacionales. Ella ha sido formadora de Coachs en Guatemala y el extranjero. Mar\u00eda Mercedes acompa\u00f1a a personas y profesionales en el proceso de descubrir\u00a0 su verdadero potencial. Es miembro activo de la Junta Directiva de la Asociaci\u00f3n de Mujeres Empresarias de Guatemala y Socia Fundadora y Miembro de la Junta Directiva de la Asociaci\u00f3n Guatemalteca de Coaching. Adem\u00e1s es la directora y fundadora de Centro Liderato.<\/p>\n<hr \/>\n<h3 style=\"text-align: justify;\">Yaneth Garc\u00e9s<\/h3>\n<p><em><strong>Mentor\u00eda Grupal<\/strong><\/em><\/p>\n<p style=\"text-align: justify;\"><a href=\"http:\/\/www.circulaguatemala.org\/wp-content\/uploads\/2017\/03\/yaneth-garces.jpg\"><img loading=\"lazy\" decoding=\"async\" class=\"size-thumbnail wp-image-2331 alignright\" src=\"http:\/\/www.circulaguatemala.org\/wp-content\/uploads\/2017\/03\/yaneth-garces-150x150.jpg\" alt=\"yaneth garces\" width=\"150\" height=\"150\" \/><\/a>Yanet es una Coach venezolana, certificada con Grupo ESCO (ACTP \/ ICF), adem\u00e1s es Master en Programaci\u00f3n Neuro Ling\u00fc\u00edstica y se ha formado en procesos de Liderazgo participativo. Ella es parte del equipo profesional de Centro Liderato y tiene amplia experiencia en acompa\u00f1ar procesos de en los que personas y empresas logran mayor claridad en sus objetivos y desarrollan las competencias para alcanzarlos.<\/p>\n<p style=\"text-align: justify;\">Con estudios en Ciencias de la Comunicaci\u00f3n de la Universidad Rafael Landivar,\u00a0 ha cursado estudios en el \u00e1rea de Administraci\u00f3n de Empresas\u00a0 en ESEADE (UFM)\u00a0 y\u00a0 Desarrollo Humano en\u00a0 INCAE.\u00a0\u00a0 Durante los \u00faltimos 15 a\u00f1os,\u00a0 ha realizado estudios y pr\u00e1cticas de\u00a0 Minfulness, Terapias Alternativas y Bioenerg\u00e9ticas.<\/p>\n<hr \/>\n<h3 style=\"text-align: justify;\">Tamalyn Jackson Gutierres<\/h3>\n<p><em><strong>Sesi\u00f3n de Inspiraci\u00f3n<\/strong><\/em><\/p>\n<p style=\"text-align: justify;\"><a href=\"http:\/\/www.circulaguatemala.org\/wp-content\/uploads\/2017\/03\/Tamalyn-Jackson-Gutierres.jpg\"><img loading=\"lazy\" decoding=\"async\" class=\"size-thumbnail wp-image-2334 alignright\" src=\"http:\/\/www.circulaguatemala.org\/wp-content\/uploads\/2017\/03\/Tamalyn-Jackson-Gutierres-150x150.jpg\" alt=\"Tamalyn Jackson Gutierres\" width=\"150\" height=\"150\" \/><\/a>Tamalyn fue la exitosa directora de Common Hope por m\u00e1s de 10 a\u00f1os, teniendo a su cargo un equipo de 120 personas y supervisando programas de desarrollo en Educaci\u00f3n, Salud y Vivienda. Ella se retir\u00f3 de su cargo en 2016 para dedicarse a sus hijos. Actualmente es consultora independiente para diferentes organizaciones, poniendo al servicio del desarrollo de Guatemala toda su experiencia y conocimiento. Tamalyn adem\u00e1s es una de las fundadoras y miembro de la Junta Directiva de Asociaci\u00f3n para el Liderazgo en Guatemala.<\/p>\n<hr \/>\n<h3 style=\"text-align: justify;\">Rosalina Ramos<\/h3>\n<p><em><strong>Metas SMART<\/strong><\/em><\/p>\n<p style=\"text-align: justify;\"><a href=\"http:\/\/www.circulaguatemala.org\/wp-content\/uploads\/2016\/06\/Rosalina-Ramos.jpg\"><img loading=\"lazy\" decoding=\"async\" class=\"size-thumbnail wp-image-2026 alignright\" src=\"http:\/\/www.circulaguatemala.org\/wp-content\/uploads\/2016\/06\/Rosalina-Ramos-150x150.jpg\" alt=\"OLYMPUS DIGITAL CAMERA\" width=\"150\" height=\"150\" \/><\/a><\/p>\n<p style=\"text-align: justify;\">Rosi como afectuosamente la conocemos, es la directora del \u00e1rea de apadrinamiento de Fundaci\u00f3n Familias de Esperanza. Ella tiene a su cargo complejos procesos que hacen posible que cientos de ni\u00f1os reciban apoyo internacional para su educaci\u00f3n y su salud. Rosi es una de las l\u00edderes que\u00a0 impuls\u00f3 la implementaci\u00f3n de metas SMART en su organizaci\u00f3n y su entrenamiento y experiencia de a\u00f1os en el tema ser\u00e1 sumamente enriquecedora para los participantes en el diplomado. Adem\u00e1s es egresada de la promoci\u00f3n 2015 de ALG.<\/p>\n<p style=\"text-align: justify;\">.<\/p>","protected":false},"excerpt":{"rendered":"<p>EL PUNTO DE PARTIDA Iniciamos el primer m\u00f3dulo del Diplomado los d\u00edas 24 y 25 de marzo en compa\u00f1\u00eda 32 extraordinarios l\u00edderes de distintas regiones de Guatemala. La actividad se realiza en casa de retiros Puerta Dorada, Antigua. El tema central es \u201cEl punto de partida para la integraci\u00f3n de una comunidad de Liderazgo\u201d y [&hellip;]<\/p>","protected":false},"author":3,"featured_media":3375,"comment_status":"open","ping_status":"open","sticky":false,"template":"","format":"standard","meta":{"_acf_changed":false,"footnotes":""},"categories":[21],"tags":[],"class_list":["post-2325","post","type-post","status-publish","format-standard","has-post-thumbnail","hentry","category-noticias"],"acf":[],"_links":{"self":[{"href":"https:\/\/www.circulaguatemala.org\/en\/wp-json\/wp\/v2\/posts\/2325"}],"collection":[{"href":"https:\/\/www.circulaguatemala.org\/en\/wp-json\/wp\/v2\/posts"}],"about":[{"href":"https:\/\/www.circulaguatemala.org\/en\/wp-json\/wp\/v2\/types\/post"}],"author":[{"embeddable":true,"href":"https:\/\/www.circulaguatemala.org\/en\/wp-json\/wp\/v2\/users\/3"}],"replies":[{"embeddable":true,"href":"https:\/\/www.circulaguatemala.org\/en\/wp-json\/wp\/v2\/comments?post=2325"}],"version-history":[{"count":0,"href":"https:\/\/www.circulaguatemala.org\/en\/wp-json\/wp\/v2\/posts\/2325\/revisions"}],"wp:featuredmedia":[{"embeddable":true,"href":"https:\/\/www.circulaguatemala.org\/en\/wp-json\/wp\/v2\/media\/3375"}],"wp:attachment":[{"href":"https:\/\/www.circulaguatemala.org\/en\/wp-json\/wp\/v2\/media?parent=2325"}],"wp:term":[{"taxonomy":"category","embeddable":true,"href":"https:\/\/www.circulaguatemala.org\/en\/wp-json\/wp\/v2\/categories?post=2325"},{"taxonomy":"post_tag","embeddable":true,"href":"https:\/\/www.circulaguatemala.org\/en\/wp-json\/wp\/v2\/tags?post=2325"}],"curies":[{"name":"wp","href":"https:\/\/api.w.org\/{rel}","templated":true}]}}