{"id":2483,"date":"2017-04-18T15:46:43","date_gmt":"2017-04-18T15:46:43","guid":{"rendered":"http:\/\/www.liderazgoguatemala.org\/?p=2483"},"modified":"2017-04-18T15:46:43","modified_gmt":"2017-04-18T15:46:43","slug":"diplomado-en-liderazgo-y-colaboracion-2017-modulo-2","status":"publish","type":"post","link":"https:\/\/www.circulaguatemala.org\/en\/diplomado-en-liderazgo-y-colaboracion-2017-modulo-2\/","title":{"rendered":"DIPLOMADO EN LIDERAZGO Y COLABORACI\u00d3N 2017    M\u00d3DULO 2"},"content":{"rendered":"<h3><strong>RELACIONES PROFESIONALES EN EL TRABAJO MULTICULTURAL<\/strong><\/h3>\n<p style=\"text-align: justify;\">En el segundo m\u00f3dulo, exploraremos los retos de las relaciones profesionales en contextos multiculturales. Esta actividad se llevar\u00e1 a cabo los d\u00edas 21 y 22 de abril en casa de retiros Puerta Dorada, Antigua Guatemala.<\/p>\n<h3><strong>TEMAS DE ESTE M\u00d3DULO<\/strong><\/h3>\n<ul>\n<li>C\u00edrculo de confianza<\/li>\n<li>Profesionalismo y Responsabilidad<\/li>\n<li>Organigramas, reflejo de cultura organizacional<\/li>\n<li>Actividad opcional: Noche de pel\u00edcula<\/li>\n<li>Actividad opcional: Meditaci\u00f3n matutina<\/li>\n<li>Trabajo Intercultural<\/li>\n<li>Resiliencia, el impacto del l\u00edder.<\/li>\n<li>Actividad l\u00fadica<\/li>\n<li>Liderazgo desde la perspectiva Maya<\/li>\n<li>Sesi\u00f3n de inspiraci\u00f3n \u2013 Profesor Alvaro Olayo<\/li>\n<li>Primer encuentro de los l\u00edderes 2017 con sus mentores<\/li>\n<li>Pr\u00e1ctica de preguntas abiertas y honestas<\/li>\n<\/ul>\n<p>&nbsp;<\/p>\n<h3><strong>Expositores Invitados<\/strong><\/h3>\n<p>&nbsp;<\/p>\n<h3><strong><em>Silvia Alvarado, Entrenamiento a l\u00edderes mentores<\/em><\/strong><\/h3>\n<p style=\"text-align: justify;\"><img loading=\"lazy\" decoding=\"async\" class=\"size-thumbnail wp-image-2486 alignright\" src=\"http:\/\/www.circulaguatemala.org\/wp-content\/uploads\/2017\/04\/Silvia-Alvarado-150x150.jpg\" alt=\"Silvia Alvarado\" width=\"150\" height=\"150\" \/><\/p>\n<p style=\"text-align: justify;\">Adem\u00e1s de su amplia experiencia profesional en distintas empresas, Silvia tiene Licencia en Coaching de Equipos por la Escuela Europea de Coaching; Certificaci\u00f3n como Coach Ontologico Empresarial y Coach Senior del Newfield Consultin, Chile;\u00a0 Licencia Coach Senior en Coaching Cuerpo y Movimiento del Newfield Network Chile. Es Psic\u00f3loga e Ingeniera de Negocios de la Universidad Francisco Marroquin. Silvia ha revisado y re dise\u00f1ado el programa de Tutor\u00edas para Asociaci\u00f3n para el Liderazgo en Guatemala\u00a0y facilitar\u00e1 el entrenamiento que ofreceremos a los l\u00edderes Tutores.<\/p>\n<hr \/>\n<h3><strong>Eva Vanneste, Trabajo intercultural<\/strong><\/h3>\n<p><img loading=\"lazy\" decoding=\"async\" class=\"size-thumbnail wp-image-2488 alignright\" src=\"http:\/\/www.circulaguatemala.org\/wp-content\/uploads\/2017\/04\/eva-150x150.jpg\" alt=\"eva\" width=\"150\" height=\"150\" \/><\/p>\n<p style=\"text-align: justify;\">De nacionalidad belga, Antrop\u00f3loga cultural m\u00e9dica con una fascinaci\u00f3n por la medicina natural y ancestral y con\u00a0amplia experiencia en programas y proyectos de desarrollo sostenible con organizaciones no gubernamentales, decide dedicar una parte de su vida a la realizaci\u00f3n de procesos de crecimiento personal, enfocados en la creatividad. Su fascinaci\u00f3n por la creatividad nace desde su participaci\u00f3n en el curso del Camino del Artista, donde aprendi\u00f3 estrategias y herramientas para el (re-) descubrimiento del potencial aut\u00e9ntico de expresi\u00f3n creativa que posee el ser humano.<\/p>\n<hr \/>\n<h3 style=\"text-align: left;\"><strong>Profesor Alvaro Olayo, Sesi\u00f3n de Inspiraci\u00f3n<\/strong><\/h3>\n<p style=\"text-align: justify;\">El profesor Olayo, es un l\u00edder educativo con una impresionante historia de vocaci\u00f3n. Ha dedica<img loading=\"lazy\" decoding=\"async\" class=\"size-thumbnail wp-image-2490 alignright\" src=\"http:\/\/www.circulaguatemala.org\/wp-content\/uploads\/2017\/04\/Profesor-Olayo-150x150.jpg\" alt=\"Profesor Olayo\" width=\"150\" height=\"150\" \/>do\u00a0su vida a la\u00a0educaci\u00f3n de ni\u00f1os desfavorecidos por la sociedad, ni\u00f1os trabajadores para \u00a0quienes fund\u00f3 un proyecto educativo que con mucho esfuerzo y sacrificio personal finalmente fue aceptado por el Ministerio de Educaci\u00f3n, abriendo un horizonte de oportunidad para cientos de ni\u00f1os.<span style=\"text-align: justify;\">\u00a0<\/span><\/p>\n<hr \/>\n<h3 style=\"text-align: justify;\"><strong><em>Don Felipe Vel\u00e1squez, Ser un l\u00edder desde la perspectiva Maya<\/em><\/strong><\/h3>\n<p style=\"text-align: justify;\"><img loading=\"lazy\" decoding=\"async\" class=\"size-thumbnail wp-image-2492 alignright\" src=\"http:\/\/www.circulaguatemala.org\/wp-content\/uploads\/2017\/04\/felipe-V-150x150.jpg\" alt=\"OLYMPUS DIGITAL CAMERA\" width=\"150\" height=\"150\" \/>Don Felipe es un l\u00edder Maya con amplia experiencia en educaci\u00f3n. Trabaja en Cuerpo de Paz como facilitador de\u00a0Idioma y Cultura. Su profundo conocimiento de la Cosmovisi\u00f3n Maya le hace liderar con pertinencia cultural y ser un puente entre culturas. Ha sido un colaborador destacado para nuestra Asociaci\u00f3n desde hace varios a\u00f1os, aportando dinamismo y un enfoque integral de lo que es y hace un l\u00edder.<\/p>\n<hr \/>\n<h3 style=\"text-align: justify;\"><\/h3>\n<p>&nbsp;<\/p>\n<p>&nbsp;<\/p>\n<p>&nbsp;<\/p>","protected":false},"excerpt":{"rendered":"<p>RELACIONES PROFESIONALES EN EL TRABAJO MULTICULTURAL En el segundo m\u00f3dulo, exploraremos los retos de las relaciones profesionales en contextos multiculturales. Esta actividad se llevar\u00e1 a cabo los d\u00edas 21 y 22 de abril en casa de retiros Puerta Dorada, Antigua Guatemala. TEMAS DE ESTE M\u00d3DULO C\u00edrculo de confianza Profesionalismo y Responsabilidad Organigramas, reflejo de cultura [&hellip;]<\/p>","protected":false},"author":3,"featured_media":3045,"comment_status":"open","ping_status":"open","sticky":false,"template":"","format":"standard","meta":{"_acf_changed":false,"footnotes":""},"categories":[21],"tags":[],"class_list":["post-2483","post","type-post","status-publish","format-standard","has-post-thumbnail","hentry","category-noticias"],"acf":[],"_links":{"self":[{"href":"https:\/\/www.circulaguatemala.org\/en\/wp-json\/wp\/v2\/posts\/2483"}],"collection":[{"href":"https:\/\/www.circulaguatemala.org\/en\/wp-json\/wp\/v2\/posts"}],"about":[{"href":"https:\/\/www.circulaguatemala.org\/en\/wp-json\/wp\/v2\/types\/post"}],"author":[{"embeddable":true,"href":"https:\/\/www.circulaguatemala.org\/en\/wp-json\/wp\/v2\/users\/3"}],"replies":[{"embeddable":true,"href":"https:\/\/www.circulaguatemala.org\/en\/wp-json\/wp\/v2\/comments?post=2483"}],"version-history":[{"count":0,"href":"https:\/\/www.circulaguatemala.org\/en\/wp-json\/wp\/v2\/posts\/2483\/revisions"}],"wp:featuredmedia":[{"embeddable":true,"href":"https:\/\/www.circulaguatemala.org\/en\/wp-json\/wp\/v2\/media\/3045"}],"wp:attachment":[{"href":"https:\/\/www.circulaguatemala.org\/en\/wp-json\/wp\/v2\/media?parent=2483"}],"wp:term":[{"taxonomy":"category","embeddable":true,"href":"https:\/\/www.circulaguatemala.org\/en\/wp-json\/wp\/v2\/categories?post=2483"},{"taxonomy":"post_tag","embeddable":true,"href":"https:\/\/www.circulaguatemala.org\/en\/wp-json\/wp\/v2\/tags?post=2483"}],"curies":[{"name":"wp","href":"https:\/\/api.w.org\/{rel}","templated":true}]}}