{"id":2513,"date":"2017-05-17T19:27:44","date_gmt":"2017-05-17T19:27:44","guid":{"rendered":"http:\/\/www.liderazgoguatemala.org\/?p=2513"},"modified":"2017-05-17T19:27:44","modified_gmt":"2017-05-17T19:27:44","slug":"diplomado-en-liderazgo-y-colaboracion-2017-modulo-3","status":"publish","type":"post","link":"https:\/\/www.circulaguatemala.org\/en\/diplomado-en-liderazgo-y-colaboracion-2017-modulo-3\/","title":{"rendered":"DIPLOMADO EN LIDERAZGO Y COLABORACI\u00d3N 2017    M\u00d3DULO 3"},"content":{"rendered":"<h3><strong>LA COMUNICACI\u00d3N, HERRAMIENTA FUNDAMENTAL PARA UN L\u00cdDER<\/strong><\/h3>\n<p style=\"text-align: justify;\">En el tercer m\u00f3dulo, profundizaremos en la importancia de la comunicaci\u00f3n en el ejercicio de un liderazgo que inspira confianza. Esta actividad se llevar\u00e1 a cabo los d\u00edas 19 y 20 de mayo en casa de retiros Puerta Dorada, Antigua.<\/p>\n<h3><strong>TEMAS DE ESTE M\u00d3DULO<\/strong><\/h3>\n<ul>\n<li>C\u00edrculo de confianza.<\/li>\n<li>Comunicaci\u00f3n, influenciando con integridad.<\/li>\n<li>An\u00e1lisis Transaccional en el Liderazgo.<\/li>\n<li>Taller de delegaci\u00f3n y Retroalimentaci\u00f3n.<\/li>\n<li>Comunicaci\u00f3n digital, nuevos horizontes para organizaciones.<\/li>\n<li>Ideas que pegan y discurso de elevador.<\/li>\n<li>Practicando c\u00edrculos de di\u00e1logo<\/li>\n<li>Sesi\u00f3n de inspiraci\u00f3n \u2013 Gabriel Woltke, N\u00f3mada.<\/li>\n<\/ul>\n<p>&nbsp;<\/p>\n<h3><strong>Expositores Invitados<\/strong><\/h3>\n<p>\u00a0<strong><em>Jos\u00e9 Luis Ruiz Sierra<\/em><\/strong><\/p>\n<p style=\"text-align: justify;\"><img loading=\"lazy\" decoding=\"async\" class=\"alignleft size-thumbnail wp-image-2515\" src=\"http:\/\/www.circulaguatemala.org\/wp-content\/uploads\/2017\/05\/jose-luis-sierra-150x150.jpg\" alt=\"jose luis sierra\" width=\"150\" height=\"150\" \/><\/p>\n<p style=\"text-align: justify;\">Colombiano, nacido en Cartagena de Indias hace 37 a\u00f1os.\u00a0 En su pasada vida fue Ingeniero Electr\u00f3nico, de la Universidad Tecnol\u00f3gica de Bol\u00edvar en Colombia.\u00a0 Realiz\u00f3 estudios en Revenue Management y\u00a0 Direcci\u00f3n de Operaciones y manejo del servicio de Alimentos y Bebidas, realizados en la Universidad Externado de Colombia y en American Hotel &amp; Lodging Educational Institute Orlando- Fl,\u00a0 Estudios de Coaching y PNL enfocados en ventas y negociaci\u00f3n\u00a0realizados en Bogot\u00e1, Colombia.<\/p>\n<p style=\"text-align: justify;\">Cuenta con una larga trayectoria en el \u00e1rea de Mercadeo y Ventas para diferentes sectores.\u00a0 Algunas de las empresas con las que colabor\u00f3 son: Pepsi Colombia, Hoteles Dann Carlton, HotelBeds y Travel Click Inc.\u00a0 En donde ocup\u00f3 puestos como Director Regional de Ventas.\u00a0 Adem\u00e1s es Ex catedr\u00e1tico para el \u00e1rea de negocios de la Universidad Externado de Colombia.<\/p>\n<p style=\"text-align: justify;\">En su vida actual sigue en la b\u00fasqueda interior caminando por los senderos de la Co \u2013Sanaci\u00f3n, a trav\u00e9s de una t\u00e9cnica sanadora llamada Kyrohealing que integra Quiropraxia, Digitopuntura (Rama de la Acupuntura), Reiki, Thetahealing, Reflexolog\u00eda, Masaje y drenaje resonante, entre otras t\u00e9cnicas que ha aprendido en el transcurso de toda su vida, buscando sanar junto con la persona que llega a \u00e9l. Actualmente Estudia su tercer a\u00f1o de Naturoterapia con el maestro Rumano Andrei Petresku.<\/p>\n<hr \/>\n<h3><em><strong>Yenia Posadas<\/strong><\/em><\/h3>\n<p><img loading=\"lazy\" decoding=\"async\" class=\"alignleft size-thumbnail wp-image-1867\" src=\"http:\/\/www.circulaguatemala.org\/wp-content\/uploads\/2016\/05\/Yenia-Posadas-150x150.jpg\" alt=\"Yenia Posadas\" width=\"150\" height=\"150\" \/><\/p>\n<p style=\"text-align: justify;\">Actriz y escritora. Ha actuado con distintos colectivos y grupos, realizando adaptaciones de obras, mon\u00f3logos y guiones, as\u00ed como obras propias. Dentro de su experiencia tambi\u00e9n est\u00e1 la asesor\u00eda a empresas privadas para mejorar habilidades de comunicaci\u00f3n y ventas. Hemos invitado a Yenia a compartir su experiencia y talento para mejorar las habilidades de expresi\u00f3n de nuestros l\u00edderes participantes en la sesi\u00f3n \u201cIdeas que pegan\u201d.<\/p>\n<hr \/>\n<h3><em><strong>Luis Castell\u00e1n <\/strong><\/em><\/h3>\n<p style=\"text-align: justify;\">Director d<img loading=\"lazy\" decoding=\"async\" class=\"alignleft size-thumbnail wp-image-2518\" src=\"http:\/\/www.circulaguatemala.org\/wp-content\/uploads\/2017\/05\/luis-castellan-150x150.jpg\" alt=\"luis castellan\" width=\"150\" height=\"150\" \/>e Rollo Digital, Director General en Digital Data Intelligence - DDI Latam y Digital PR &amp; Research Director en 4am Saatchi &amp; Saatchi.\u00a0 Es un profesional destacado en el mundo del Social Media y Marketing, su lema es \u201cNo creemos en mitos, somos lo que siempre so\u00f1amos ser y creemos que la diferencia est\u00e1 en un trabajo hecho, apasionadamente bien.\u201d Luis facilitar\u00e1 la sesi\u00f3n <strong><em>Comunicaci\u00f3n digital, nuevos horizontes para organizaciones.<\/em><\/strong><\/p>\n<p style=\"text-align: justify;\">\u00a0<\/p>\n<hr \/>\n<h3><strong><em>Gabriel Woltke<\/em><\/strong><\/h3>\n<p style=\"text-align: justify;\">\u00a0<\/p>\n<p style=\"text-align: justify;\">Gabriel<a href=\"http:\/\/www.circulaguatemala.org\/wp-content\/uploads\/2017\/05\/gabriel-w.jpg\"><img loading=\"lazy\" decoding=\"async\" class=\"alignleft size-thumbnail wp-image-2520\" src=\"http:\/\/www.circulaguatemala.org\/wp-content\/uploads\/2017\/05\/gabriel-w-150x150.jpg\" alt=\"gabriel w\" width=\"150\" height=\"150\" \/><\/a>, un \u201cObrero de la palabra escrita\u201d. Es periodista, ha escrito para Contrapoder y otros medios de\u00a0comunicaci\u00f3n. Forma parte del equipo de N\u00f3mada, un medio digital que ha innovado y lidera su campo en Centro Am\u00e9rica con numerosos e importantes reconocimientos internacionales.\u00a0 En N\u00f3mada se declaran activistas de la transparencia de los medios, hacia fuera y hacia dentro. So\u00f1aron con hacer un peri\u00f3dico independiente y realmente han inventado un modelo propio en continua construcci\u00f3n desde 2014. Gabriel Woltke, junto a sus compa\u00f1eros en N\u00f3mada hace periodismo de vanguardia, busca la verdad con transparencia, procurando la justicia. Gabriel nos contar\u00e1 la historia de N\u00f3mada y la suya propia en la <strong><em>Sesi\u00f3n de Inspiraci\u00f3n<\/em><\/strong>.<\/p>\n<p style=\"text-align: justify;\">\u00a0<\/p>\n<hr \/>\n<h3 style=\"text-align: justify;\">\u00a0<\/h3>","protected":false},"excerpt":{"rendered":"<p>LA COMUNICACI\u00d3N, HERRAMIENTA FUNDAMENTAL PARA UN L\u00cdDER En el tercer m\u00f3dulo, profundizaremos en la importancia de la comunicaci\u00f3n en el ejercicio de un liderazgo que inspira confianza. Esta actividad se llevar\u00e1 a cabo los d\u00edas 19 y 20 de mayo en casa de retiros Puerta Dorada, Antigua. TEMAS DE ESTE M\u00d3DULO C\u00edrculo de confianza. Comunicaci\u00f3n, [&hellip;]<\/p>","protected":false},"author":3,"featured_media":0,"comment_status":"open","ping_status":"open","sticky":false,"template":"","format":"standard","meta":{"_acf_changed":false,"footnotes":""},"categories":[21],"tags":[],"class_list":["post-2513","post","type-post","status-publish","format-standard","hentry","category-noticias"],"acf":[],"_links":{"self":[{"href":"https:\/\/www.circulaguatemala.org\/en\/wp-json\/wp\/v2\/posts\/2513"}],"collection":[{"href":"https:\/\/www.circulaguatemala.org\/en\/wp-json\/wp\/v2\/posts"}],"about":[{"href":"https:\/\/www.circulaguatemala.org\/en\/wp-json\/wp\/v2\/types\/post"}],"author":[{"embeddable":true,"href":"https:\/\/www.circulaguatemala.org\/en\/wp-json\/wp\/v2\/users\/3"}],"replies":[{"embeddable":true,"href":"https:\/\/www.circulaguatemala.org\/en\/wp-json\/wp\/v2\/comments?post=2513"}],"version-history":[{"count":0,"href":"https:\/\/www.circulaguatemala.org\/en\/wp-json\/wp\/v2\/posts\/2513\/revisions"}],"wp:attachment":[{"href":"https:\/\/www.circulaguatemala.org\/en\/wp-json\/wp\/v2\/media?parent=2513"}],"wp:term":[{"taxonomy":"category","embeddable":true,"href":"https:\/\/www.circulaguatemala.org\/en\/wp-json\/wp\/v2\/categories?post=2513"},{"taxonomy":"post_tag","embeddable":true,"href":"https:\/\/www.circulaguatemala.org\/en\/wp-json\/wp\/v2\/tags?post=2513"}],"curies":[{"name":"wp","href":"https:\/\/api.w.org\/{rel}","templated":true}]}}