{"id":2613,"date":"2017-07-18T19:58:21","date_gmt":"2017-07-18T19:58:21","guid":{"rendered":"http:\/\/www.liderazgoguatemala.org\/?p=2613"},"modified":"2017-07-18T19:58:21","modified_gmt":"2017-07-18T19:58:21","slug":"diplomado-en-liderazgo-y-colaboracion-2017-modulo-5","status":"publish","type":"post","link":"https:\/\/www.circulaguatemala.org\/en\/diplomado-en-liderazgo-y-colaboracion-2017-modulo-5\/","title":{"rendered":"DIPLOMADO EN LIDERAZGO Y COLABORACI\u00d3N 2017 M\u00d3DULO 5"},"content":{"rendered":"<h3><strong>M\u00c9TODOS Y HERRAMIENTAS ORGANIZATIVAS<\/strong><\/h3>\n<p style=\"text-align: justify;\">En el quinto m\u00f3dulo, los l\u00edderes adquirir\u00e1n m\u00e9todos y herramientas organizacionales que les permitan mayor eficiencia en el ejercicio de su liderazgo. Esta actividad se llevar\u00e1 a cabo los d\u00edas 21 y 22 de julio en casa de retiros Puerta Dorada, Antigua.<\/p>\n<h3><strong>TEMAS DE ESTE M\u00d3DULO<\/strong><\/h3>\n<ul>\n<li>C\u00edrculo de Confianza<\/li>\n<li>Panel: Mejores pr\u00e1cticas en subvenciones<\/li>\n<li>Pro Action Caf\u00e9<\/li>\n<li>Actividad opcional: noche de pel\u00edcula<\/li>\n<li>Actividad opcional: Meditaci\u00f3n<\/li>\n<li>Pr\u00e1ctica de retroalimentaci\u00f3n<\/li>\n<li>Bases de Planificaci\u00f3n estrat\u00e9gica<\/li>\n<li>Bases legales para Organizaciones<\/li>\n<li>Preguntas abiertas y honestas, sostener a otro en un reflejo<\/li>\n<li>Sesi\u00f3n de inspiraci\u00f3n con Boris Lemus, Asociaci\u00f3n Guatemalteca\u00a0de Emprendedores<\/li>\n<\/ul>\n<h3><strong>Expositores invitados<\/strong><\/h3>\n<p>&nbsp;<\/p>\n<h3><strong>Jeff Barnes<\/strong><\/h3>\n<p><a href=\"http:\/\/www.circulaguatemala.org\/wp-content\/uploads\/2016\/07\/Jeff-Barnes.jpg\"><img loading=\"lazy\" decoding=\"async\" class=\"alignleft size-thumbnail wp-image-2076\" src=\"http:\/\/www.circulaguatemala.org\/wp-content\/uploads\/2016\/07\/Jeff-Barnes-150x150.jpg\" alt=\"Jeff Barnes\" width=\"150\" height=\"150\" \/><\/a><\/p>\n<p style=\"text-align: justify;\">De profesi\u00f3n Economista, especializado en Historia y Desarrollo Econ\u00f3mico de Centro Am\u00e9rica, ha sido Director de Planificaci\u00f3n Estrat\u00e9gica para Common Hope por 15 a\u00f1os. Esta es una de las organizaciones internacionales no lucrativas pioneras en Guatemala desde hace 31 a\u00f1os y bajo la direcci\u00f3n de Jeff en la planificaci\u00f3n estrat\u00e9gica ha crecido estable y fuerte. Tambi\u00e9n ha puesto al servicio de otras organizaciones su experiencia y su \u00a0tiempo asesor\u00e1ndoles en temas de planificaci\u00f3n. Jeff facilitar\u00e1 la sesi\u00f3n: Bases de Planificaci\u00f3n Estrat\u00e9gica.<\/p>\n<hr \/>\n<h3><strong>Erin Treinen<br \/>\n<a href=\"http:\/\/www.circulaguatemala.org\/wp-content\/uploads\/2016\/07\/Erin.jpg\"><img loading=\"lazy\" decoding=\"async\" class=\"alignleft size-thumbnail wp-image-2067\" src=\"http:\/\/www.circulaguatemala.org\/wp-content\/uploads\/2016\/07\/Erin-150x150.jpg\" alt=\"Erin\" width=\"150\" height=\"150\" \/><\/a><\/strong><\/h3>\n<p style=\"text-align: justify;\">\u00a0Originaria de Minessota, Erin vino a Guatemala en 2016 para trabajar con el Cuerpo de Paz, facilitado un programa de Escuelas Saludables en Tecp\u00e1n, donde se enamor\u00f3 de Guatemala. Fue encargada de la oficina de comunicaciones en Fundaci\u00f3n Familias de Esperanza, donde tuvo a su cargo la b\u00fasqueda, aplicaci\u00f3n y reportes de subvenciones, desarrollando experiencia en recaudaci\u00f3n de fondos y relaci\u00f3n con donantes. Actualmente es la directora del \u00e1rea de Hospitalidad para la misma organizaci\u00f3n.\u00a0Erin facilitar\u00e1 la sesi\u00f3n:\u00a0Aprendiendo a manejar Subvenciones (Grants)<\/p>\n<hr \/>\n<h3><strong>Mar\u00eda Mercedes G\u00e1lvez<\/strong><\/h3>\n<p style=\"text-align: justify;\"><a href=\"http:\/\/www.circulaguatemala.org\/wp-content\/uploads\/2017\/03\/Mar\u00eda-Mercedez-Galvez.jpg\"><img loading=\"lazy\" decoding=\"async\" class=\"alignleft size-thumbnail wp-image-2326\" src=\"http:\/\/www.circulaguatemala.org\/wp-content\/uploads\/2017\/03\/Mar\u00eda-Mercedez-Galvez-150x150.jpg\" alt=\"Mar\u00eda Mercedez Galvez\" width=\"150\" height=\"150\" \/><\/a><\/p>\n<p style=\"text-align: justify;\">Coach Ontol\u00f3gico y Business Coach,\u00a0 Certificada en The Newfield Network (ICF certified) y en\u00a0 el\u00a0 Conscious Business Coaching \u00a0(CBC), entre otras certificaciones internacionales. Ella ha sidoformadora de Coachs en Guatemala y el extranjero. Mar\u00eda Mercedes acompa\u00f1a a personas y profesionales en el proceso de descubrir\u00a0 su verdadero potencial. Es miembro activo de la Junta Directiva de la Asociaci\u00f3n de Mujeres Empresarias de Guatemala y Socia Fundadora y Miembro de la Junta Directiva de la Asociaci\u00f3n Guatemalteca de Coaching. Adem\u00e1s es la directora y fundadora de Centro Liderato. Ella facilitar\u00e1 el Pro Action Caf\u00e9 en este m\u00f3dulo.<\/p>\n<hr \/>\n<h3><strong>Yaneth Garc\u00e9s<\/strong><\/h3>\n<p style=\"text-align: justify;\"><a href=\"http:\/\/www.circulaguatemala.org\/wp-content\/uploads\/2017\/03\/yaneth-garces.jpg\"><img loading=\"lazy\" decoding=\"async\" class=\"alignleft size-thumbnail wp-image-2331\" src=\"http:\/\/www.circulaguatemala.org\/wp-content\/uploads\/2017\/03\/yaneth-garces-150x150.jpg\" alt=\"yaneth garces\" width=\"150\" height=\"150\" \/><\/a><\/p>\n<p style=\"text-align: justify;\">Naci\u00f3 en Venezuela, es Coach certificada con Grupo ESCO (ACTP\/ICF), adem\u00e1s es Master en Programaci\u00f3n Neuro Ling\u00fc\u00edstica y se ha formado en procesos de Liderazgo participativo. Estudi\u00f3 Ciencias de la Comunicaci\u00f3n en URL,\u00a0 Administraci\u00f3n de Empresas\u00a0 en ESEADE UFM)\u00a0 y\u00a0 Desarrollo Humano en\u00a0 INCAE.\u00a0\u00a0 Durante los \u00faltimos 15 a\u00f1os,\u00a0 se ha preparado en Minfulness, Terapias Alternativas y Bioenerg\u00e9ticas. Yaneth es parte del equipo profesional de Centro Liderato acompa\u00f1ando procesos de en los que personas y empresas logran mayor claridad en sus objetivos y desarrollan las competencias para alcanzarlos. Ella facilitar\u00e1 el Pro Action Caf\u00e9 en este m\u00f3dulo.<\/p>\n<hr \/>\n<h3><strong>Boris Lemus<\/strong><\/h3>\n<p style=\"text-align: justify;\"><a href=\"http:\/\/www.circulaguatemala.org\/wp-content\/uploads\/2016\/07\/boris.png\"><img loading=\"lazy\" decoding=\"async\" class=\"alignleft size-thumbnail wp-image-2082\" src=\"http:\/\/www.circulaguatemala.org\/wp-content\/uploads\/2016\/07\/boris-150x150.png\" alt=\"boris\" width=\"150\" height=\"150\" \/><\/a><\/p>\n<p style=\"text-align: justify;\">Boris estudi\u00f3 en el prestigioso Instituto de Tecnolog\u00eda de Massachusetts MIT. Es un emprendedor que conoce el \u00e9xito y tambi\u00e9n los obst\u00e1culos de un proyecto. Ha creado un estudio de grabaci\u00f3n, una revista de agronom\u00eda, proyectos educativos digitales, corto metrajes, publicidad y otros. Su m\u00e1s reciente y reconocido emprendimiento es Soyfri, una aplicaci\u00f3n tecnol\u00f3gica para realizar transacciones a trav\u00e9s del tel\u00e9fono. Este proyecto le ha ganado los siguientes reconocimientos: Una de las mejores ideas en tecnolog\u00eda a nivel mundial por el BID en el Startup Nations, Summit; una de las mejores ideas en Latinoamerica por I-3 LATAM;\u00a0Caso de \u00c9xito en Am\u00e9rica Latina por Prodem, Universidad Nacional General Sarmento, BID y OMIN;\u00a0 WSA entre las mejores 16 ideas del mundo en la categor\u00eda Business &amp; amp; Commerce. Una de pocos latinoamericanos seleccionado para participar en la convenci\u00f3n de emprendimiento en Sud\u00e1frica. Buscando apoyar a otros fund\u00f3 la Asociaci\u00f3n de Emprendedores de Guatemala. Boris presentar\u00e1 su historia de emprendimiento en nuestra\u00a0Sesi\u00f3n de Inspiraci\u00f3n.<\/p>","protected":false},"excerpt":{"rendered":"<p>M\u00c9TODOS Y HERRAMIENTAS ORGANIZATIVAS En el quinto m\u00f3dulo, los l\u00edderes adquirir\u00e1n m\u00e9todos y herramientas organizacionales que les permitan mayor eficiencia en el ejercicio de su liderazgo. Esta actividad se llevar\u00e1 a cabo los d\u00edas 21 y 22 de julio en casa de retiros Puerta Dorada, Antigua. TEMAS DE ESTE M\u00d3DULO C\u00edrculo de Confianza Panel: Mejores [&hellip;]<\/p>","protected":false},"author":3,"featured_media":3035,"comment_status":"open","ping_status":"open","sticky":false,"template":"","format":"standard","meta":{"_acf_changed":false,"footnotes":""},"categories":[21],"tags":[],"class_list":["post-2613","post","type-post","status-publish","format-standard","has-post-thumbnail","hentry","category-noticias"],"acf":[],"_links":{"self":[{"href":"https:\/\/www.circulaguatemala.org\/en\/wp-json\/wp\/v2\/posts\/2613"}],"collection":[{"href":"https:\/\/www.circulaguatemala.org\/en\/wp-json\/wp\/v2\/posts"}],"about":[{"href":"https:\/\/www.circulaguatemala.org\/en\/wp-json\/wp\/v2\/types\/post"}],"author":[{"embeddable":true,"href":"https:\/\/www.circulaguatemala.org\/en\/wp-json\/wp\/v2\/users\/3"}],"replies":[{"embeddable":true,"href":"https:\/\/www.circulaguatemala.org\/en\/wp-json\/wp\/v2\/comments?post=2613"}],"version-history":[{"count":0,"href":"https:\/\/www.circulaguatemala.org\/en\/wp-json\/wp\/v2\/posts\/2613\/revisions"}],"wp:featuredmedia":[{"embeddable":true,"href":"https:\/\/www.circulaguatemala.org\/en\/wp-json\/wp\/v2\/media\/3035"}],"wp:attachment":[{"href":"https:\/\/www.circulaguatemala.org\/en\/wp-json\/wp\/v2\/media?parent=2613"}],"wp:term":[{"taxonomy":"category","embeddable":true,"href":"https:\/\/www.circulaguatemala.org\/en\/wp-json\/wp\/v2\/categories?post=2613"},{"taxonomy":"post_tag","embeddable":true,"href":"https:\/\/www.circulaguatemala.org\/en\/wp-json\/wp\/v2\/tags?post=2613"}],"curies":[{"name":"wp","href":"https:\/\/api.w.org\/{rel}","templated":true}]}}