{"id":274,"date":"2017-03-27T11:42:37","date_gmt":"2017-03-27T11:42:37","guid":{"rendered":"http:\/\/wp1.themexlab.com\/newwp\/podgorica\/?p=240"},"modified":"2017-03-27T11:42:37","modified_gmt":"2017-03-27T11:42:37","slug":"antecedentes","status":"publish","type":"post","link":"https:\/\/www.circulaguatemala.org\/en\/antecedentes\/","title":{"rendered":"ANTECEDENTES"},"content":{"rendered":"<p>[kc_row use_container=\"yes\" _id=\"560544\"][kc_column width=\"12\/12\" _id=\"909017\"][kc_column_text _id=\"505715\"]<\/p>\n<div class=\"text\">Se puede sostener que el gobierno de Guatemala, adem\u00e1s de su sociedad civil, todav\u00eda se est\u00e1 recuperando de la guerra civil que sumergi\u00f3 al pa\u00eds por d\u00e9cadas y que termin\u00f3 en 1996. Aunque el pa\u00eds ha empezado a avanzar despu\u00e9s de esta historia dolorosa reciente, todav\u00eda afronta una serie de retos serios. \u00c9stos incluyen:<\/div>\n<p>[\/kc_column_text][kc_row_inner _id=\"298393\" cols_gap=\"{`kc-css`:{}}\" css_custom=\"{`kc-css`:{`any`:{`box`:{`padding|`:`50px inherit 50px inherit`}}}}\"][kc_column_inner width=\"33.33%\" _id=\"560875\"][kc_feature_box layout=\"1\" title=\"__empty__\" desc=\"VW5hIGRlIGxhcyBkaXN0cmlidWNpb25lcyBkZSBpbmdyZXNvcyBtw6FzIGRlc2lndWFsZXMgZW50cmUgbG9zIHBhw61zZXMgZGVsIGhlbWlzZmVyaW8gb2NjaWRlbnRhbA==\" icon=\"sl-size-fullscreen\" show_button=\"__empty__\" _id=\"930926\" css_custom=\"{`kc-css`:{`any`:{`icon`:{`color|.content-icon i`:`#f47321`}}}}\" image=\"\"][kc_spacing height=\"40px\" _id=\"14982\"][kc_feature_box layout=\"1\" title=\"__empty__\" desc=\"VW4gNTElIGRlIGxhIHBvYmxhY2nDs24gcXVlIHZpdmUgY29uIFVTJDIgYWwgZMOtYSBvIG1lbm9z\" icon=\"sl-crop\" show_button=\"__empty__\" _id=\"596091\" css_custom=\"{`kc-css`:{`any`:{`icon`:{`color|.content-icon i`:`#f47321`}}}}\" image=\"\"][\/kc_column_inner][kc_column_inner width=\"33.33%\" _id=\"804709\"][kc_feature_box layout=\"1\" title=\"__empty__\" desc=\"VW5hIGNsYXNpZmljYWNpw7NuIGVudHJlIGxhcyBtw6FzIGJhamFzIGVuIGFuYWxmYWJldGlzbW8geSBkZXNudXRyaWNpw7NuIGluZmFudGlsIGNyw7NuaWNh\" icon=\"sl-note\" show_button=\"__empty__\" _id=\"232588\" css_custom=\"{`kc-css`:{`any`:{`icon`:{`color|.content-icon i`:`#f47321`}}}}\" image=\"\"][kc_spacing height=\"40px\" _id=\"490237\"][kc_feature_box layout=\"1\" title=\"__empty__\" desc=\"VW5hIGNvcnJ1cGNpw7NuIGVuZMOpbWljYSBxdWUgbG8gdWJpY2EgZW4gZWwgdGVyY2lvIG3DoXMgYmFqbyBkZSBsb3MgcGHDrXNlcyBkZWwgbXVuZG8=\" icon=\"sl-close\" show_button=\"__empty__\" _id=\"697330\" css_custom=\"{`kc-css`:{`any`:{`icon`:{`color|.content-icon i`:`#f47321`}}}}\" image=\"\"][\/kc_column_inner][kc_column_inner width=\"33.33%\" _id=\"344756\"][kc_feature_box layout=\"1\" title=\"__empty__\" desc=\"TGEgZWRhZCBtZWRpYW5hIG3DoXMgYmFqYSBkZWwgaGVtaXNmZXJpbyBvY2NpZGVudGFsLCAyMCBhw7Fvcw==\" icon=\"sl-globe\" show_button=\"__empty__\" _id=\"166293\" css_custom=\"{`kc-css`:{`any`:{`icon`:{`color|.content-icon i`:`#f47321`}}}}\" image=\"\"][kc_spacing height=\"63px\" _id=\"616397\"][kc_feature_box layout=\"1\" title=\"__empty__\" desc=\"VW5hIGNvbGFib3JhY2nDs24gbGltaXRhZGEgZW50cmUgbGFzIG3DoXMgZGUgMTUsMDAwIE9OR3MgcXVlIG9wZXJhbiBlbiBlbCBwYcOtcw==\" icon=\"sl-size-fullscreen\" show_button=\"__empty__\" _id=\"816557\" css_custom=\"{`kc-css`:{`any`:{`icon`:{`color|.content-icon i`:`#f47321`}}}}\" image=\"\"][\/kc_column_inner][\/kc_row_inner][kc_column_text _id=\"304602\"]<\/p>\n<div class=\"text\">\n<p>Cuando se contempla c\u00f3mo mejor confrontar estos retos, es \u00fatil tomar en cuenta que el gobierno de Guatemala no necesariamente cree que el desarrollo sea parte de sus responsabilidades, y que en el pasado no ha sido eficaz en resolver los problemas locales. A esto hay que agregar el car\u00e1cter cambiante del liderazgo pol\u00edtico del pa\u00eds, que ha exacerbado la poca fiabilidad del gobierno como fuente de ayuda para el desarrollo.Muchas de las organizaciones que enfrentan estos desaf\u00edos confrontan una deficiencia de liderazgo general. Hay una escasez de l\u00edderes expertos, lo que se debe en parte a la falta de educaci\u00f3n en liderazgo de alta calidad. \u00c9sta es una deficiencia que piensa abordar ALG.<\/p>\n<p>En particular hay una carencia de liderazgo fuerte entre las ONGs y las instituciones p\u00fablicas que buscan el cambio significativo y progresista. Las ONGs quiz\u00e1s tengan dificultades en encontrar y atraer a l\u00edderes de alta calidad; en otros casos, la direcci\u00f3n actual de estas organizaciones (aunque tenga buenas intenciones) con frecuencia demuestra un liderazgo insuficiente para su propia organizaci\u00f3n, adem\u00e1s de para la comunidad de ONGs en general.<\/p>\n<p>Con frecuencia, esto resulta del hecho de que los l\u00edderes a menudo no se preocupan por su propio desarrollo personal y profesional. ALG cree que es crucial que los l\u00edderes se nutran, se animen, y se capaciten para dar prioridad tanto a su propia formaci\u00f3n como a su impacto. Esto se aplica tanto a su realizaci\u00f3n personal como a su eficacia y compromiso profesional.<\/p>\n<p>Adem\u00e1s, la calidad de la labor de las organizaciones enfocadas en el cambio social, por valiosa que sea, con frecuencia se debilita por la falta de colaboraci\u00f3n y coordinaci\u00f3n entre ellas. Como en el caso de los l\u00edderes de estas organizaciones, esto a veces se debe a que no se haya dado suficiente importancia al compromiso con las organizaciones externas. Tambi\u00e9n es el caso que las organizaciones tienden a ser altamente celosas de sus fuentes de financiaci\u00f3n. Esto a veces les lleva a ver como algo arriesgado el compartir la informaci\u00f3n o colaborar estrechamente con otra organizaci\u00f3n. Los beneficios potenciales de la colaboraci\u00f3n\u2014la informaci\u00f3n compartida, los conocimientos aprendidos de la experiencia de otros, distribuci\u00f3n del trabajo, y el aprovechamiento de los puntos fuertes de cada organizaci\u00f3n\u2014f\u00e1cilmente se olvidan o se pasan por alto.<\/p>\n<p>Esta falta de colaboraci\u00f3n se debe en parte al conocimiento incompleto del panorama total de las ONGs pares y hasta de las instituciones p\u00fablicas, que podr\u00edan ofrecer la posibilidad valiosa de asociarse, aunque se enfoquen en t\u00e1cticas diferentes o sean responsables de misiones diferentes. Puede haber oportunidades importantes para trabajar juntos para lograr m\u00e1s metas en com\u00fan o para alcanzar metas a un nivel m\u00e1s alto con m\u00e1s eficacia\u2014pero esto depende de los conocimientos que tengan de las otras organizaciones y su disposici\u00f3n demostrada de invertir en la formaci\u00f3n de relaciones con ellas.<\/p>\n<p>Un tema com\u00fan entre estas deficiencias es la cuesti\u00f3n de recursos. Una falta cr\u00f3nica de financiaci\u00f3n para el apoyo sostenido de la educaci\u00f3n profesional, el desarrollo del potencial para el liderazgo, y el refinamiento de las habilidades t\u00e9cnicas puede limitar la capacidad de un l\u00edder de buscar y aprovecharse de las oportunidades para su desarrollo profesional. Esta falta de recursos tambi\u00e9n puede servir para justificar que se evite el esfuerzo y la planificaci\u00f3n necesarios para aumentar la capacidad personal y para dedicarse m\u00e1s a la formaci\u00f3n de relaciones.<\/p>\n<p>Notas:<\/p>\n<ol>\n<li>Ver World Food Program, \"<a href=\"http:\/\/www1.wfp.org\/countries\/guatemala\" target=\"_blank\" rel=\"noopener noreferrer\">Guatemala: Overview.<\/a>\" Accedido el 5 de marzo 2013.<\/li>\n<li>Ver UNICEF, \"<a href=\"https:\/\/www.unicef.org\/guatemala\/english\/overview_18012.htm\" target=\"_blank\" rel=\"noopener noreferrer\">Guatemala Overview: Malnutrition.<\/a>\" Accedido el 5 de marzo 2013.<\/li>\n<li>Ver Food and Agriculture Organization, \u201c<a href=\"http:\/\/www.fao.org\/ag\/agn\/nutrition\/gtm_en.stm\" target=\"_blank\" rel=\"noopener noreferrer\">Nutrition Country Profiles: Guatemala.<\/a>\u201d Accedido el 5 de marzo 2013.<\/li>\n<li>Ver las <a href=\"http:\/\/www.worldaudit.org\/corruption.htm\" target=\"_blank\" rel=\"noopener noreferrer\">clasificaciones por pa\u00eds.<\/a> Accedido el 5 de marzo 2013.<\/li>\n<\/ol>\n<\/div>\n<p>[\/kc_column_text][\/kc_column][\/kc_row]<\/p>","protected":false},"excerpt":{"rendered":"<p>[kc_row use_container=\"yes\" _id=\"560544\"][kc_column width=\"12\/12\" _id=\"909017\"][kc_column_text _id=\"505715\"] Se puede sostener que el gobierno de Guatemala, adem\u00e1s de su sociedad civil, todav\u00eda se est\u00e1 recuperando de la guerra civil que sumergi\u00f3 al pa\u00eds por d\u00e9cadas y que termin\u00f3 en 1996. Aunque el pa\u00eds ha empezado a avanzar despu\u00e9s de esta historia dolorosa reciente, todav\u00eda afronta una serie [&hellip;]<\/p>","protected":false},"author":3,"featured_media":600,"comment_status":"closed","ping_status":"closed","sticky":false,"template":"","format":"standard","meta":{"_acf_changed":false,"footnotes":""},"categories":[17],"tags":[],"class_list":["post-274","post","type-post","status-publish","format-standard","has-post-thumbnail","hentry","category-antecedentes"],"acf":[],"_links":{"self":[{"href":"https:\/\/www.circulaguatemala.org\/en\/wp-json\/wp\/v2\/posts\/274"}],"collection":[{"href":"https:\/\/www.circulaguatemala.org\/en\/wp-json\/wp\/v2\/posts"}],"about":[{"href":"https:\/\/www.circulaguatemala.org\/en\/wp-json\/wp\/v2\/types\/post"}],"author":[{"embeddable":true,"href":"https:\/\/www.circulaguatemala.org\/en\/wp-json\/wp\/v2\/users\/3"}],"replies":[{"embeddable":true,"href":"https:\/\/www.circulaguatemala.org\/en\/wp-json\/wp\/v2\/comments?post=274"}],"version-history":[{"count":0,"href":"https:\/\/www.circulaguatemala.org\/en\/wp-json\/wp\/v2\/posts\/274\/revisions"}],"wp:featuredmedia":[{"embeddable":true,"href":"https:\/\/www.circulaguatemala.org\/en\/wp-json\/wp\/v2\/media\/600"}],"wp:attachment":[{"href":"https:\/\/www.circulaguatemala.org\/en\/wp-json\/wp\/v2\/media?parent=274"}],"wp:term":[{"taxonomy":"category","embeddable":true,"href":"https:\/\/www.circulaguatemala.org\/en\/wp-json\/wp\/v2\/categories?post=274"},{"taxonomy":"post_tag","embeddable":true,"href":"https:\/\/www.circulaguatemala.org\/en\/wp-json\/wp\/v2\/tags?post=274"}],"curies":[{"name":"wp","href":"https:\/\/api.w.org\/{rel}","templated":true}]}}