{"id":3407,"date":"2018-03-15T19:22:03","date_gmt":"2018-03-15T19:22:03","guid":{"rendered":"http:\/\/liderazgoguatemala.org\/?p=3407"},"modified":"2018-03-15T19:22:03","modified_gmt":"2018-03-15T19:22:03","slug":"el-rol-del-director-escolar","status":"publish","type":"post","link":"https:\/\/www.circulaguatemala.org\/en\/el-rol-del-director-escolar\/","title":{"rendered":"El Rol del Director Escolar"},"content":{"rendered":"[kc_row use_container=\"yes\" force=\"no\" column_align=\"middle\" _id=\"850224\"][kc_column width=\"12\/12\" _id=\"689924\"][kc_column_text _id=\"499160\"]\n<figure class=\"wp-block-image\" style=\"width: 583px;\"><img loading=\"lazy\" decoding=\"async\" class=\"wp-image-3492\" src=\"http:\/\/circulaguatemala.org\/wp-content\/uploads\/2018\/03\/image-1.png\" alt=\"\" width=\"583\" height=\"280\" \/><\/figure>\n<!-- \/wp:image -->\n\n<!-- wp:image -->\n<figure class=\"wp-block-image\"><img decoding=\"async\" src=\"blob:http:\/\/circulaguatemala.org\/baacf469-06a7-4ca0-bd60-f8a0cbe70d6b\" alt=\"\" \/><\/figure>\n<!-- \/wp:image -->\n\n<!-- wp:list -->\n<ul>\n \t<li><strong>Precio:\u00a0\u00a0\u00a0Entrada gratuita<\/strong>\u00a0 *Podr\u00e1s hacer una donaci\u00f3n voluntaria al Fondo de Becas de ALG.\u00a0 \u00a1Seguimos formando lideres con tu ayuda<\/li>\n \t<li><strong>Fecha:<\/strong> 20 de marzo 2018<\/li>\n \t<li><strong>Hora: 8:30 - 11:30am\u00a0<\/strong><\/li>\n \t<li><strong>Lugar:<\/strong> Proyecto Cultural El Sitio. 5a Calle Poniente #15 Antigua Guatemala<\/li>\n \t<li><\/li>\n<\/ul>\n<!-- \/wp:list -->\n\n<!-- wp:paragraph {\"align\":\"center\",\"fontSize\":20} -->\n<p style=\"font-size: 20px; text-align: center;\"><strong>\u00bfA qui\u00e9n va dirigida? <\/strong><\/p>\n<!-- \/wp:paragraph -->\n\n<!-- wp:paragraph {\"dropCap\":true,\"fontSize\":16} -->\n<p class=\"has-drop-cap\" style=\"font-size: 16px;\"><em>Inspirados por nuestra misi\u00f3n de acompa\u00f1ar de crecimiento de l\u00edderes en distintos campos de trabajo con el fin de incrementar su impacto en Centro Am\u00e9rica, n<\/em><em>os <strong>complace invitar a los l\u00edderes educativos<\/strong> a esta conferencia\u00a0 que se realiza en alianza con la Universidad Aut\u00f3noma de M\u00e9xico y Resplandor Internacional.<\/em><\/p>\n<!-- \/wp:paragraph -->\n\n<!-- wp:paragraph {\"align\":\"center\",\"fontSize\":18} -->\n<p style=\"font-size: 18px; text-align: center;\"><strong>\u00bfCu\u00e1l ser\u00e1 su contenido?\u00a0<\/strong><\/p>\n<!-- \/wp:paragraph -->\n\n<!-- wp:paragraph {\"width\":\"center\",\"fontSize\":16} -->\n<p class=\"aligncenter\" style=\"font-size: 16px;\"><em> La conferencia ofrecer\u00e1 una mirada al rol del Director Escolar que trabaja en contextos dif\u00edciles, desde las experiencias e investigaci\u00f3n realizada por un profesional alto nivel. Muchos procesos est\u00e1n centrados en el docente y la pedagog\u00eda pero pocos se enfocan en la importancia del papel que juega el Director Escolar.<\/em><\/p>\n<!-- \/wp:paragraph -->\n\n<!-- wp:paragraph {\"align\":\"center\",\"fontSize\":18} -->\n<p style=\"font-size: 18px; text-align: center;\"><strong>Un invitado de lujo<\/strong><\/p>\n<!-- \/wp:paragraph -->\n\n<!-- wp:html -->\n<figure class=\"wp-block-embed\"><img decoding=\"async\" class=\"aligncenter\" src=\"http:\/\/www.iisue.unam.mx\/investigacion\/fotos\/miguel-angel-diaz-delgado.jpg\" align=\"center\" \/><\/figure>\n<!-- \/wp:html -->\n\n<!-- wp:paragraph {\"width\":\"center\"} -->\n<p class=\"aligncenter\"><em><strong>El Dr. Miguel \u00c1ngel D\u00edaz<\/strong> Delgado es miembro del Instituto de Investigaciones de la Universidad Aut\u00f3noma de M\u00e9xico (IISUE), en donde realiza investigaciones relativas a la formaci\u00f3n de l\u00edderes escolares en un acercamiento a las pr\u00e1cticas situadas para la creaci\u00f3n de modelos compartidos. Desde su experiencia con directores de escuelas rurales y urbanas en el Occidente de M\u00e9xico nos ofrecer\u00e1 perspectivas reveladoras sobre las condiciones para el liderazgo educativo en escuelas p\u00fablicas rurales y urbanas. \u00a0<\/em><\/p>\n<!-- \/wp:paragraph -->\n\n<!-- wp:paragraph -->\n\n<em>El Dr. D\u00edaz Delgado es un egresado a nivel postdoctoral de la Universidad de Saskatchewan de Canad\u00e1, siendo el primer becario del Colegio de Administraci\u00f3n y Liderazgo Educativo por la Unidad de Administraci\u00f3n y Liderazgo Educativo (SELU). Imparti\u00f3 c\u00e1tedra en el programa doctoral y particip\u00f3 como ponente en cursos de licenciatura en dicha Universidad, haciendo tambi\u00e9n una labor de formaci\u00f3n con docentes en \u00e1reas rurales ind\u00edgenas, creando\u00a0\u00a0el ITEP (Indian Teacher Education Program).<\/em>\n\n<!-- \/wp:paragraph -->\n\n<!-- wp:paragraph -->\n\n<em>Desde su experiencia con directores de escuelas rurales y urbanas en el Occidente de M\u00e9xico nos ofrecer\u00e1 perspectivas reveladoras sobre las condiciones para el liderazgo educativo en escuelas p\u00fablicas rurales y urbanas. \u00a0<\/em>\n\n<!-- \/wp:paragraph -->\n\n<!-- wp:paragraph {\"fontSize\":22} -->\n<p style=\"font-size: 22px; text-align: center;\"><strong>Ubicaci\u00f3n<\/strong><\/p>\n\n<ul>\n \t<li><span style=\"font-weight: 600;\">Lugar:<\/span>\u00a0Proyecto Cultural El Sitio. 5a Calle Poniente #15 Antigua Guatemala<\/li>\n<\/ul>\n<!-- \/wp:paragraph -->\n\n<!-- wp:embed {\"url\":\"\"} -->\n<iframe loading=\"lazy\" style=\"border: 0;\" src=\"https:\/\/www.google.com\/maps\/embed?pb=!1m18!1m12!1m3!1d3861.751063165594!2d-90.73835235074844!3d14.556223182017906!2m3!1f0!2f0!3f0!3m2!1i1024!2i768!4f13.1!3m3!1m2!1s0x85890e0cfae50229%3A0xfbc722280816d583!2sCafe+Teatro+El+Sitio!5e0!3m2!1ses!2sgt!4v1521141479340\" width=\"1000\" height=\"300\" frameborder=\"0\" allowfullscreen=\"allowfullscreen\"><\/iframe>\n<!-- \/wp:embed -->\n\n[\/kc_column_text][\/kc_column][\/kc_row]","protected":false},"excerpt":{"rendered":"<p>[kc_row use_container=\"yes\" force=\"no\" column_align=\"middle\" _id=\"850224\"][kc_column width=\"12\/12\" _id=\"689924\"][kc_column_text _id=\"499160\"] Precio:\u00a0\u00a0\u00a0Entrada gratuita\u00a0 *Podr\u00e1s hacer una donaci\u00f3n voluntaria al Fondo de Becas de ALG.\u00a0 \u00a1Seguimos formando lideres con tu ayuda Fecha: 20 de marzo 2018 Hora: 8:30 - 11:30am\u00a0 Lugar: Proyecto Cultural El Sitio. 5a Calle Poniente #15 Antigua Guatemala \u00bfA qui\u00e9n va dirigida? Inspirados por nuestra misi\u00f3n [&hellip;]<\/p>","protected":false},"author":4,"featured_media":3489,"comment_status":"open","ping_status":"open","sticky":false,"template":"","format":"standard","meta":{"_acf_changed":false,"footnotes":""},"categories":[30,28],"tags":[],"class_list":["post-3407","post","type-post","status-publish","format-standard","has-post-thumbnail","hentry","category-eventos","category-sin-categorizar"],"acf":[],"_links":{"self":[{"href":"https:\/\/www.circulaguatemala.org\/en\/wp-json\/wp\/v2\/posts\/3407"}],"collection":[{"href":"https:\/\/www.circulaguatemala.org\/en\/wp-json\/wp\/v2\/posts"}],"about":[{"href":"https:\/\/www.circulaguatemala.org\/en\/wp-json\/wp\/v2\/types\/post"}],"author":[{"embeddable":true,"href":"https:\/\/www.circulaguatemala.org\/en\/wp-json\/wp\/v2\/users\/4"}],"replies":[{"embeddable":true,"href":"https:\/\/www.circulaguatemala.org\/en\/wp-json\/wp\/v2\/comments?post=3407"}],"version-history":[{"count":0,"href":"https:\/\/www.circulaguatemala.org\/en\/wp-json\/wp\/v2\/posts\/3407\/revisions"}],"wp:featuredmedia":[{"embeddable":true,"href":"https:\/\/www.circulaguatemala.org\/en\/wp-json\/wp\/v2\/media\/3489"}],"wp:attachment":[{"href":"https:\/\/www.circulaguatemala.org\/en\/wp-json\/wp\/v2\/media?parent=3407"}],"wp:term":[{"taxonomy":"category","embeddable":true,"href":"https:\/\/www.circulaguatemala.org\/en\/wp-json\/wp\/v2\/categories?post=3407"},{"taxonomy":"post_tag","embeddable":true,"href":"https:\/\/www.circulaguatemala.org\/en\/wp-json\/wp\/v2\/tags?post=3407"}],"curies":[{"name":"wp","href":"https:\/\/api.w.org\/{rel}","templated":true}]}}