{"id":3533,"date":"2018-03-23T03:23:36","date_gmt":"2018-03-23T03:23:36","guid":{"rendered":"http:\/\/liderazgoguatemala.org\/?p=3533"},"modified":"2018-03-23T03:23:36","modified_gmt":"2018-03-23T03:23:36","slug":"modulo-1","status":"publish","type":"post","link":"https:\/\/www.circulaguatemala.org\/en\/modulo-1\/","title":{"rendered":"Modulo 1"},"content":{"rendered":"<p>[kc_row use_container=\"yes\" _id=\"417336\"][kc_column width=\"12\/12\" _id=\"104401\"][kc_column_text _id=\"696878\" css_custom=\"{`kc-css`:{}}\"]<\/p>\n<h2 style=\"text-align: center;\"><strong>El punto de partida para la integraci\u00f3n de una comunidad de Liderazgo. <\/strong><\/h2>\n<p>[\/kc_column_text][kc_row_inner column_align=\"middle\" _id=\"676870\"][kc_column_inner width=\"100%\" _id=\"415579\"][kc_column_text _id=\"542189\" css_custom=\"{`kc-css`:{`any`:{`typography`:{`font-size|,p`:`27px`}}}}\"]<\/p>\n<p style=\"text-align: center;\">Iniciamos una nueva aventura en la Casa de Retiros Puerta Dorada, San Pedro el Alto, Antigua Guatemala<\/p>\n<p>[\/kc_column_text][kc_single_image _id=\"95432\" image_source=\"media_library\" image=\"3045\" image_size=\"1000x250\" css_custom=\"{`kc-css`:{}}\"][kc_column_text _id=\"505312\" css_custom=\"{`kc-css`:{`any`:{`typography`:{`font-family|,p`:`Roboto`,`font-size|,p`:`25px`,`text-align|,p`:`justify`}}}}\"]<\/p>\n<p>En el m\u00f3dulo uno identificaremos el punto de partida del l\u00edder y hacia d\u00f3nde desea orientar su liderazgo, vali\u00e9ndose de herramientas de an\u00e1lisis y de la reflexi\u00f3n grupal en compa\u00f1\u00eda de la nueva comunidad de l\u00edderes a la que se est\u00e1 integrando.<\/p>\n<p>[\/kc_column_text][kc_divider style=\"2\" icon=\"et-flag\" _id=\"142233\" css_custom=\"{`kc-css`:{`any`:{`line`:{`border-color|.divider_inner`:`#000000`,`border-style|.divider_inner`:`solid`}}}}\"][kc_row_inner# column_align=\"middle\" _id=\"248034\"][kc_column_inner# width=\"50%\" _id=\"141169\"][kc_column_text _id=\"754048\" css_custom=\"{`kc-css`:{`any`:{`typography`:{`font-size|,p`:`20px`}}}}\"]<\/p>\n<p><em><strong>C\u00edrculo de confianza<\/strong><\/em><br \/>\nLos principios de los C\u00edrculos de Confianza son principios clave del Liderazgo Transformacional.<\/p>\n<p>[\/kc_column_text][kc_column_text _id=\"566515\" css_custom=\"{`kc-css`:{`any`:{`typography`:{`font-size|,p`:`20px`,`text-align|,p`:`justify`}}}}\"]<\/p>\n<p><strong>Victoria Interna\/Externa<\/strong><br \/>\nBasada en el material de Covey, muestra el recorrido de la dependencia a la interdependencia. Las victorias externas como l\u00edderes requieren victorias internas como personas.<\/p>\n<p>[\/kc_column_text][\/kc_column_inner#][kc_column_inner# width=\"50%\" _id=\"33853\"][kc_single_image image_size=\"full\" _id=\"27846\" image_source=\"media_library\" image=\"600\"][\/kc_column_inner#][\/kc_row_inner#][kc_divider style=\"2\" icon=\"et-flag\" _id=\"924305\" css_custom=\"{`kc-css`:{`any`:{`line`:{`border-color|.divider_inner`:`#000000`,`border-style|.divider_inner`:`solid`}}}}\"][kc_row_inner# column_align=\"middle\" _id=\"540077\"][kc_column_inner# width=\"50%\" _id=\"23841\"][kc_column_text _id=\"132025\" css_custom=\"{`kc-css`:{`any`:{`typography`:{`font-size|,p`:`20px`}}}}\"]<\/p>\n<p><strong>Estilos de Liderazgo<\/strong><br \/>\nConoce los distintos estilos de liderazgo en una sesi\u00f3n con fundamento neurol\u00f3gico que te invita al auto-descubrimiento.<\/p>\n<p>[\/kc_column_text][kc_column_text _id=\"358199\" css_custom=\"{`kc-css`:{`any`:{`typography`:{`font-size|,p`:`20px`,`text-align|,p`:`justify`}}}}\"]<\/p>\n<p><strong>Mi Trayectoria Personal y el ejercicio \u201cYo Soy<\/strong>\u201d<br \/>\nMu\u00e9vete desde tu historia reciente a tu futuro pr\u00f3ximo para adquirir una perspectiva diferente de tu persona y liderazgo.<\/p>\n<p>[\/kc_column_text][\/kc_column_inner#][kc_column_inner# width=\"50%\" _id=\"286031\"][kc_single_image image_size=\"full\" _id=\"466560\" image_source=\"media_library\" image=\"3051\"][\/kc_column_inner#][\/kc_row_inner#][kc_divider style=\"2\" icon=\"et-flag\" _id=\"132758\" css_custom=\"{`kc-css`:{`any`:{`line`:{`border-color|.divider_inner`:`#000000`,`border-style|.divider_inner`:`solid`}}}}\"][kc_row_inner# column_align=\"middle\" _id=\"271901\"][kc_column_inner# width=\"50%\" _id=\"840177\"][kc_column_text _id=\"583295\" css_custom=\"{`kc-css`:{`any`:{`typography`:{`font-size|,p`:`20px`}}}}\"]<\/p>\n<p><strong>Metas SMART<\/strong><br \/>\nEn el primer m\u00f3dulo es fundamental establecer metas. Con Metas SMART puedes formular de metas personales, est\u00e1ndares de desempe\u00f1o y metas anuales. .<\/p>\n<p>[\/kc_column_text][\/kc_column_inner#][kc_column_inner# width=\"50%\" _id=\"986937\"][kc_single_image _id=\"344095\" image_source=\"external_link\" image_external_link=\"https:\/\/scontent.fgua3-2.fna.fbcdn.net\/v\/t1.0-9\/17553749_1811109489210060_6023699582023240640_n.jpg?_nc_cat=0&amp;oh=9c35517d43688c4e92729b50df24ccb3&amp;oe=5B293953\"][\/kc_column_inner#][\/kc_row_inner#][kc_divider style=\"2\" icon=\"et-flag\" _id=\"931772\" css_custom=\"{`kc-css`:{`any`:{`line`:{`border-color|.divider_inner`:`#000000`,`border-style|.divider_inner`:`solid`}}}}\"][kc_row_inner# column_align=\"middle\" _id=\"68665\"][kc_column_inner# width=\"50%\" _id=\"787403\"][kc_column_text _id=\"418425\" css_custom=\"{`kc-css`:{`any`:{`typography`:{`font-size|,p`:`20px`}}}}\"]<\/p>\n<p><strong>Mentoring Grupal<\/strong><br \/>\nCompartimos los fundamentos de mentoring que usaremos durante el diplomado y practicaremos juntos.<\/p>\n<p>[\/kc_column_text][kc_column_text _id=\"485864\" css_custom=\"{`kc-css`:{`any`:{`typography`:{`font-size|,p`:`20px`,`text-align|,p`:`justify`}}}}\"]<\/p>\n<p><strong>Sesi\u00f3n de Inspiraci\u00f3n- Carlos Aldana<\/strong><br \/>\nLas personas poseen historias capaces de inspirar y transformar a otros, conoce a este reconocido autor guatemalteco que compartir\u00e1 sus experiencias y firmar\u00e1 los libros de este mes.<\/p>\n<p>[\/kc_column_text][\/kc_column_inner#][kc_column_inner# width=\"50%\" _id=\"670191\"][kc_single_image _id=\"722149\" image_source=\"external_link\" image_external_link=\"https:\/\/scontent.fgua3-2.fna.fbcdn.net\/v\/t1.0-9\/15036711_1728525027468507_6921673668009488979_n.jpg?_nc_cat=0&amp;oh=3cb4408738000255b0e7407413307ab9&amp;oe=5B3BCEE6\"][\/kc_column_inner#][\/kc_row_inner#][kc_divider style=\"3\" _id=\"783656\" css_custom=\"{`kc-css`:{`any`:{`line`:{`border-color|.divider_inner`:`#000000`,`border-style|.divider_inner`:`solid`}}}}\" line_text=\"Expertos Invitados \"][kc_row_inner# column_align=\"middle\" _id=\"803395\"][kc_column_inner# width=\"50%\" _id=\"540917\"][kc_column_text _id=\"251817\" css_custom=\"{`kc-css`:{`any`:{`typography`:{`font-size|,p`:`20px`}}}}\"]<\/p>\n<p><strong>Daniel L\u00f3pez<\/strong><br \/>\nEs un ingeniero civil Guatemalteco que estudio dise\u00f1o de procesos en el Instituto Tecnol\u00f3gico de Monterrey. Su exitosa carrera como asesor en el mundo organizacional le llev\u00f3 a investigar y desarrollar herramientas creativas para acompa\u00f1ar a ejecutivos de alto nivel. Estudi\u00f3 m\u00e9todos de organizaci\u00f3n de tiempo con la profesora de Harvard y autora de varios libros Sunny Schlenger\u00a0\u00a0y juntos crearon herramientas que han cambiado la forma de trabajar de muchos l\u00edderes.<\/p>\n<p>[\/kc_column_text][kc_column_text _id=\"27850\" css_custom=\"{`kc-css`:{`any`:{`typography`:{`font-size|,p`:`20px`,`text-align|,p`:`justify`}}}}\"]<\/p>\n<p><strong>Jeff Banes\u00a0<\/strong><br \/>\nDe profesi\u00f3n Economista, especializado en Historia y Desarrollo Econ\u00f3mico de Centro Am\u00e9rica, ha sido Director de Planificaci\u00f3n Estrat\u00e9gica para Common Hope por 17 a\u00f1os.<\/p>\n<p>Esta es una de las organizaciones internacionales no lucrativas pioneras en Guatemala desde hace 31 a\u00f1os y bajo la\u00a0 direcci\u00f3n de Jeff en la planificaci\u00f3n estrat\u00e9gica ha crecido estable y fuerte. Tambi\u00e9n ha puesto al servicio de otras organizaciones su experiencia y su tiempo asesor\u00e1ndoles en temas de planificaci\u00f3n.<\/p>\n<p>[\/kc_column_text][kc_column_text _id=\"526882\" css_custom=\"{`kc-css`:{`any`:{`typography`:{`font-size|,p`:`20px`,`text-align|,p`:`justify`}}}}\"]<\/p>\n<p><strong>Carlos Aldana Mendoza<\/strong><br \/>\nLicenciado en Pedagog\u00eda de USAC y UNAM M\u00e9xico), Doctor en Educaci\u00f3n (La Salle, Costa Rica) Ha sido educador popular y activista en\u00a0 derechos humanos, pedagog\u00eda y educaci\u00f3n popular en sectores ind\u00edgenas, populares y de j\u00f3venes.<\/p>\n<p>Le han conferido una serie de reconocimientos y premios por su labor en\u00a0 beneficio de la ni\u00f1ez y juventud a nivel nacional e internacional. Se ha dedicado al estudio y propuesta de un ejercicio educativo y social desde transformaciones de paradigmas, fundamentalmente desde el gozo del aprender,desde el entusiasmo por la vivencia educativa y pedag\u00f3gica.<\/p>\n<p>[\/kc_column_text][\/kc_column_inner#][kc_column_inner# width=\"50%\" _id=\"24896\"][kc_single_image _id=\"243829\" image_source=\"external_link\" image_external_link=\"https:\/\/lh3.googleusercontent.com\/zxgiBV1X0aOS_U6vHGMdq4nf-5G-c8sPdBXoIbrLqTDAabNaL6ziIxNSyq_Qp5W_3NvQC2EuxdpnzaGBtZbwd57A78SIzgbLQw2g37zaZOHrooPTIzvd6zJ6N7wGKHWzIdZCdOvlyCXD-sso8ONRT23twk3zdp3jgIK8BzFHCKFax3i4e75_ZLV3VTD1rWKsetwgs2nVZDgHsUBIfFXRydqfNRo0LzQ4J9t26aUGcMhEyp2bd7b_Ii1qC9Lgl_-ey1uQVsmbMovXuBlZLFw74LzONgIAmv-nQYcTmEf9jGtjEshE3Ji3CfNgIgDwGKG8TlK2-e3imEamsQKa36OGCnlDPAbzx9VAkU0SB_VRSx2Fda0DHmOSA7cFm9s6y09xaQdluNAW4AuMoy1wKbFsU1I7-TJiia_dgLM0S3aePXUIv2bE9Y6LBODil9kSt72sj05LPL-wOldJA1q5a3IaxyYAU8jVPoHDtLCwN7Euc8JXWvakJwAAupEZno6GhAw71bIP3TMxqf-G4hl8fkQS70v2zD7BosNMSUPDMMov3CmbM__6jI4Lj_q_rnq0un9oxX2KwsLyXrxDp9Qvt7e-LmX5EkF122ftGgcx-g=w757-h588-no\"][kc_single_image _id=\"293634\" image_source=\"external_link\" image_external_link=\"https:\/\/lh3.googleusercontent.com\/InZhvgmuPZcrEw2CVkJe6jNPe2IImLrMV5KZK8y7OwChZ3BfB-NmG6dS_JrBsqxx_YdyhyRKxUhwrBYsPZwVnce1dOfQIBEjSVHhUsvIcUNKBupOAHyspUBzsGFjVpnMghbwX4tWkrJ4FbC5P9vvEeVGdEorfL28AdA1kSFT0TuXd8uFTqX1h63pyPVfVsaiWdTFmW-ly_87q7SlonuM73ZBXF4ZezFPfGzA5zLRM9tbpjT24zctx2nbivgDL0DiF5jvpWr0EvoXtpw0iAT6kur1aVG0bwVLFtTV7rwgLrNLW1TNUMT5L-plazDr85xU1Ckgz9Fg7WoKG1UlS8DUtWHoiO3FhY2Mx1Z9qghfEjukKlJCF5w2cqgxpBJf-S3cBpONv_gx9USgHqkr8yGitlUrkuH1GU6Kw1irM-qGM3XzR-zHQGuEOvM0b6c-xOuLQS2i4MPV-8ZZTW2Vnw8TbEGes4hdDbUkx3fZDWRurI9A4TFxAbWl41DM0RoSXsk13e0mxO4IYimkkFWrGtqv-5oIVDVa7Od1Hd2lSuRzrAYhgtIphPowlTgB3YWOS8svm51B-kQVQu4vYep-VTG80UMHUc80Ats4xsypLQ=w425-h250-no\"][kc_single_image _id=\"133557\" image_source=\"external_link\" image_external_link=\"https:\/\/lh3.googleusercontent.com\/fhZL7qxmO0a05-z3RH9PWHTtNo8rhRl_M3nX8iV8_evO65CS4s5jqcAYQiJTShiXek_bH9u4_PQ8sn0SwXY5xtwCe-u1nY5XxzAyNoncmk7ZyYSGFXCac73onfU48XseqkvN2d9pMd4cgJj-DPpYfm-cc-HL4i-8UxuyVu3L2wzJEWmFnhoRhvBIJKBgYkRTYKiz_uzuBMPc2avuP0R50Kh_mYrDg_gVQf2a-Ra4YMH_fgn_q5IuNKbUdfKGfoZLeQCt1c4j2R_ll1LW41WL0jDanjO4EEmo9Fnahe6n4gCpLbDgsW3qx10HGF670k07N8JTO5sT9AwZ21X1Mge9NPWGph8g4iWCHxnBE_pIxDjgYknoxiFN6zABTbVB2UidGwKgNzV84xwmm3M6qP2hOUNPFCbaPjZECgIJIvut10VGx1alPJgk065ZdTy1N2nv4IgdqQSfixl1XTKEz-OEj4ik6gN2S7ga_uEIQspPGNbjJsGJP6TYFTARXSeEfIJUcdHPZSGnM54tjuVxVyifyPhVNVy3SpuyAPlwcHhgvXz3JV_4m-2AYLwKCqtq3TL8VcfZAFCjG0RxJY40M6lXojzCHoOvB0_4MGvSow=w800-h358-no\"][\/kc_column_inner#][\/kc_row_inner#][\/kc_column_inner][\/kc_row_inner][\/kc_column][\/kc_row]<\/p>","protected":false},"excerpt":{"rendered":"<p>[kc_row use_container=\"yes\" _id=\"417336\"][kc_column width=\"12\/12\" _id=\"104401\"][kc_column_text _id=\"696878\" css_custom=\"{`kc-css`:{}}\"] El punto de partida para la integraci\u00f3n de una comunidad de Liderazgo. [\/kc_column_text][kc_row_inner column_align=\"middle\" _id=\"676870\"][kc_column_inner width=\"100%\" _id=\"415579\"][kc_column_text _id=\"542189\" css_custom=\"{`kc-css`:{`any`:{`typography`:{`font-size|,p`:`27px`}}}}\"] Iniciamos una nueva aventura en la Casa de Retiros Puerta Dorada, San Pedro el Alto, Antigua Guatemala [\/kc_column_text][kc_single_image _id=\"95432\" image_source=\"media_library\" image=\"3045\" image_size=\"1000x250\" css_custom=\"{`kc-css`:{}}\"][kc_column_text _id=\"505312\" css_custom=\"{`kc-css`:{`any`:{`typography`:{`font-family|,p`:`Roboto`,`font-size|,p`:`25px`,`text-align|,p`:`justify`}}}}\"] En el m\u00f3dulo uno [&hellip;]<\/p>","protected":false},"author":4,"featured_media":600,"comment_status":"open","ping_status":"open","sticky":false,"template":"","format":"standard","meta":{"_acf_changed":false,"footnotes":""},"categories":[21],"tags":[],"class_list":["post-3533","post","type-post","status-publish","format-standard","has-post-thumbnail","hentry","category-noticias"],"acf":[],"_links":{"self":[{"href":"https:\/\/www.circulaguatemala.org\/en\/wp-json\/wp\/v2\/posts\/3533"}],"collection":[{"href":"https:\/\/www.circulaguatemala.org\/en\/wp-json\/wp\/v2\/posts"}],"about":[{"href":"https:\/\/www.circulaguatemala.org\/en\/wp-json\/wp\/v2\/types\/post"}],"author":[{"embeddable":true,"href":"https:\/\/www.circulaguatemala.org\/en\/wp-json\/wp\/v2\/users\/4"}],"replies":[{"embeddable":true,"href":"https:\/\/www.circulaguatemala.org\/en\/wp-json\/wp\/v2\/comments?post=3533"}],"version-history":[{"count":0,"href":"https:\/\/www.circulaguatemala.org\/en\/wp-json\/wp\/v2\/posts\/3533\/revisions"}],"wp:featuredmedia":[{"embeddable":true,"href":"https:\/\/www.circulaguatemala.org\/en\/wp-json\/wp\/v2\/media\/600"}],"wp:attachment":[{"href":"https:\/\/www.circulaguatemala.org\/en\/wp-json\/wp\/v2\/media?parent=3533"}],"wp:term":[{"taxonomy":"category","embeddable":true,"href":"https:\/\/www.circulaguatemala.org\/en\/wp-json\/wp\/v2\/categories?post=3533"},{"taxonomy":"post_tag","embeddable":true,"href":"https:\/\/www.circulaguatemala.org\/en\/wp-json\/wp\/v2\/tags?post=3533"}],"curies":[{"name":"wp","href":"https:\/\/api.w.org\/{rel}","templated":true}]}}