{"id":3773,"date":"2018-05-23T18:36:29","date_gmt":"2018-05-23T18:36:29","guid":{"rendered":"http:\/\/liderazgoguatemala.org\/?p=3773"},"modified":"2018-05-23T18:36:29","modified_gmt":"2018-05-23T18:36:29","slug":"tercer-modulo-la-comunicacion-herramienta-fundamental-del-lider","status":"publish","type":"post","link":"https:\/\/www.circulaguatemala.org\/en\/tercer-modulo-la-comunicacion-herramienta-fundamental-del-lider\/","title":{"rendered":"Tercer Modulo - La comunicacion herramienta fundamental del Lider"},"content":{"rendered":"<p>[kc_row use_container=\"yes\" _id=\"810444\"][kc_column width=\"12\/12\" _id=\"519155\"][kc_row_inner column_align=\"middle\" _id=\"599659\"][kc_column_inner width=\"100%\" _id=\"796611\"][kc_column_text _id=\"429177\" css_custom=\"{`kc-css`:{}}\"]<\/p>\n<h1 style=\"text-align: center;\"><span style=\"color: #ff6600;\"><i><span style=\"font-weight: 400;\">Modulo 3<\/span><\/i><\/span><\/h1>\n<h1 style=\"text-align: center;\"><span style=\"color: #ff6600;\"><i><span style=\"font-weight: 400;\">La comunicaci\u00f3n, herramienta fundamental del l\u00edder.<\/span><\/i><\/span><\/h1>\n<p>[\/kc_column_text][kc_column_text _id=\"742028\" css_custom=\"{`kc-css`:{}}\"]<\/p>\n<h2 style=\"text-align: center;\">En el m\u00f3dulo 3 profundizareos en la importancia de la comunicaci\u00f3n en el ejercicio de un<br \/>\nliderazgo que inspira confianza.<\/h2>\n<p>[\/kc_column_text][kc_column_text _id=\"911318\" css_custom=\"{`kc-css`:{`any`:{`typography`:{`font-size|,p`:`27px`}}}}\"]<\/p>\n<p style=\"text-align: center;\">El lugar de encuentro es la Casa de Retiros Puerta Dorada, San Pedro el Alto, Antigua Guatemala<\/p>\n<p>[\/kc_column_text][kc_divider style=\"2\" icon=\"et-flag\" _id=\"996420\" css_custom=\"{`kc-css`:{`any`:{`line`:{`border-color|.divider_inner`:`#000000`,`border-style|.divider_inner`:`solid`}}}}\"][kc_row_inner# column_align=\"middle\" _id=\"998155\"][kc_column_inner# width=\"50%\" _id=\"250710\"][kc_column_text _id=\"846008\" css_custom=\"{`kc-css`:{`any`:{`typography`:{`font-size|,p`:`20px`}}}}\"]<\/p>\n<p style=\"text-align: center;\"><em><strong>C\u00edrculo de confianza<\/strong><\/em><\/p>\n<p style=\"text-align: justify;\">Los principios de los C\u00edrculos de Confianza son principios clave del Liderazgo Transformacional.<\/p>\n<p>[\/kc_column_text][kc_divider style=\"2\" icon=\"et-lightbulb\" _id=\"582088\" css_custom=\"{`kc-css`:{`any`:{`line`:{`border-color|.divider_inner`:`#000000`,`border-style|.divider_inner`:`dotted`}}}}\"][kc_column_text _id=\"110858\" css_custom=\"{`kc-css`:{`any`:{`typography`:{`font-size|,p`:`20px`,`text-align|,p`:`justify`}}}}\"]<\/p>\n<p style=\"text-align: center;\"><strong>Comunicaci\u00f3n digital, nuevos horizontes y retos para las organizaciones en cuanto a<\/strong><br \/>\n<strong>comunicaci\u00f3n digital\u00a0<\/strong><\/p>\n<p style=\"text-align: center;\"><strong>Chrisitan Rossell<\/strong><\/p>\n<p style=\"text-align: center;\">La comunicaci\u00f3n evoluciona r\u00e1pidamente, la tecnolog\u00eda abre nuevos horizontes para l\u00edderes y organizaciones. Avanzar en este terreno con eficiencia e integridad requiere tomar ciertas<br \/>\nconsideraciones.<\/p>\n<p>[\/kc_column_text][\/kc_column_inner#][kc_column_inner# width=\"50%\" _id=\"169962\"][kc_single_image _id=\"920391\" image_source=\"external_link\" image_external_link=\"https:\/\/scontent.fgua3-1.fna.fbcdn.net\/v\/t1.0-9\/29571227_2014715848849422_7153426664543592797_n.jpg?_nc_cat=0&amp;oh=33337522a106cad573c1ce2eb6401a85&amp;oe=5B66FAC2\" image_size_el=\"300x200\"][kc_single_image _id=\"89043\" image_source=\"external_link\" image_external_link=\"https:\/\/scontent.fgua3-2.fna.fbcdn.net\/v\/t1.0-9\/20375944_1883332711987737_3297541544413188604_n.jpg?_nc_cat=0&amp;oh=8e4e57956a7d0c7c69deebe3f293c405&amp;oe=5B81D33A\" image_size_el=\"300x200\" css_custom=\"{`kc-css`:{}}\"][\/kc_column_inner#][\/kc_row_inner#][kc_divider style=\"2\" icon=\"et-flag\" _id=\"207659\" css_custom=\"{`kc-css`:{`any`:{`line`:{`border-color|.divider_inner`:`#000000`,`border-style|.divider_inner`:`solid`}}}}\"][kc_row_inner# column_align=\"middle\" _id=\"456643\"][kc_column_inner# width=\"50%\" _id=\"126255\"][kc_column_text _id=\"315933\" css_custom=\"{`kc-css`:{`any`:{`typography`:{`font-size|,p`:`20px`}}}}\"]<\/p>\n<p style=\"text-align: center;\"><strong>Comunicaci\u00f3n, influenciando con integridad<\/strong>. Lucy Estacuy y todos<br \/>\nUsando di\u00e1logo participativo descubriremos las mejores pr\u00e1cticas para comunicar, delegar y<br \/>\nretroalimentar.<\/p>\n<p>[\/kc_column_text][kc_divider style=\"2\" icon=\"et-lightbulb\" _id=\"498495\" css_custom=\"{`kc-css`:{`any`:{`line`:{`border-color|.divider_inner`:`#000000`,`border-style|.divider_inner`:`dotted`}}}}\"][kc_column_text _id=\"551912\" css_custom=\"{`kc-css`:{`any`:{`typography`:{`font-size|,p`:`20px`,`text-align|,p`:`justify`}}}}\"]<\/p>\n<p style=\"text-align: center;\"><strong>Resiliencia<\/strong> \u2013 Flor Garc\u00eda<br \/>\nEsta sesi\u00f3n te mostrar\u00e1 c\u00f3mo desde tu liderazgo puedes incrementar las posibilidades<br \/>\nresilientes de las personas ante la adversidad.<\/p>\n<p>[\/kc_column_text][\/kc_column_inner#][kc_column_inner# width=\"50%\" _id=\"662756\"][kc_single_image _id=\"714110\" image_source=\"external_link\" image_external_link=\"https:\/\/scontent.fgua3-2.fna.fbcdn.net\/v\/t1.0-9\/20264780_1883336315320710_976078706124138024_n.jpg?_nc_cat=0&amp;oh=74f445b6bb0b1a339da416f206ebe39c&amp;oe=5B85D746\"][kc_single_image _id=\"534924\" image_source=\"external_link\" image_external_link=\"https:\/\/scontent.fgua3-2.fna.fbcdn.net\/v\/t1.0-9\/18671025_1845113425809666_8954427233671401021_n.jpg?_nc_cat=0&amp;oh=9e8e8be2150e73a3e2aaa4cbe7dfe5c1&amp;oe=5B7F4B06\"][\/kc_column_inner#][\/kc_row_inner#][kc_divider style=\"2\" icon=\"et-flag\" _id=\"782617\" css_custom=\"{`kc-css`:{`any`:{`line`:{`border-color|.divider_inner`:`#000000`,`border-style|.divider_inner`:`solid`}}}}\"][kc_row_inner# column_align=\"middle\" _id=\"397669\"][kc_column_inner# width=\"50%\" _id=\"961043\"][kc_column_text _id=\"546940\" css_custom=\"{`kc-css`:{`any`:{`typography`:{`font-size|,p`:`20px`}}}}\"]<\/p>\n<p style=\"text-align: center;\"><strong>Comunicaci\u00f3n de Impacto<\/strong>- Daniel L\u00f3pez<br \/>\nIdentifica los elementos que hacen de tu comunicaci\u00f3n algo memorable y aprende a dar un<br \/>\nDiscurso de Elevador. Te llevar\u00e1s la retroalimentaci\u00f3n que necesitas en esta sesi\u00f3n<br \/>\nte\u00f3rica-pr\u00e1ctica.<\/p>\n<p>[\/kc_column_text][\/kc_column_inner#][kc_column_inner# width=\"50%\" _id=\"965029\"][kc_single_image _id=\"220300\" image_source=\"external_link\" image_external_link=\"https:\/\/scontent.fgua3-2.fna.fbcdn.net\/v\/t1.0-9\/20264845_1883332531987755_3911805414899187288_n.jpg?_nc_cat=0&amp;oh=8a9eddf90db8558ea0c41b09a942b71b&amp;oe=5BC51211\"][\/kc_column_inner#][\/kc_row_inner#][kc_divider style=\"2\" icon=\"et-flag\" _id=\"377610\" css_custom=\"{`kc-css`:{`any`:{`line`:{`border-color|.divider_inner`:`#000000`,`border-style|.divider_inner`:`solid`}}}}\"][kc_row_inner# column_align=\"middle\" _id=\"161092\"][kc_column_inner# width=\"50%\" _id=\"944577\"][kc_column_text _id=\"728011\" css_custom=\"{`kc-css`:{`any`:{`typography`:{`font-size|,p`:`20px`}}}}\"]<\/p>\n<p style=\"text-align: center;\"><strong><span style=\"text-align: justify;\">An\u00e1lisis Transaccional para l\u00edderes<\/span><\/strong><\/p>\n<p style=\"text-align: center;\"><span style=\"text-align: justify;\">- Flor Garc\u00eda<br \/>\nEsta esta teor\u00eda de la personalidad y de las relaciones humanas te ayudar\u00e1 a comprender<br \/>\ncomo entramos en relaci\u00f3n con otros, sentir y tomar conciencia de qu\u00e9 como reaccionas ante<br \/>\nlas personas y tomar la iniciativa para poner en marcha cambios personales, relacionales u<br \/>\norganizacionales..<\/span><\/p>\n<p>[\/kc_column_text][\/kc_column_inner#][kc_column_inner# width=\"50%\" _id=\"746452\"][kc_single_image _id=\"932475\" image_source=\"external_link\" image_external_link=\"https:\/\/scontent.fgua3-2.fna.fbcdn.net\/v\/t1.0-9\/18670978_1845115309142811_3152369149301759721_n.jpg?_nc_cat=0&amp;oh=0cb04c87ad49cfa7873403bc435dfccc&amp;oe=5B7CF811\"][\/kc_column_inner#][\/kc_row_inner#][kc_divider style=\"2\" icon=\"et-flag\" _id=\"183814\" css_custom=\"{`kc-css`:{`any`:{`line`:{`border-color|.divider_inner`:`#000000`,`border-style|.divider_inner`:`solid`}}}}\"][kc_row_inner# column_align=\"middle\" _id=\"758269\"][kc_column_inner# width=\"50%\" _id=\"523855\"][kc_column_text _id=\"769856\" css_custom=\"{`kc-css`:{`any`:{`typography`:{`font-size|,p`:`20px`}}}}\"]<\/p>\n<p style=\"text-align: justify;\"><strong>Mentoring Grupal<\/strong><br \/>\n<span style=\"font-weight: 400;\">Ser un l\u00edder mentor es algo que se aprende practicando! El mayor reto es aprender a estar presente, escuchar. Tambi\u00e9n ser escuchado es un regalo.<\/span><\/p>\n<p>[\/kc_column_text][kc_column_text _id=\"271444\" css_custom=\"{`kc-css`:{`any`:{`typography`:{`font-size|,p`:`20px`,`text-align|,p`:`justify`}}}}\"]<\/p>\n<p style=\"text-align: justify;\"><strong>Sesi\u00f3n de Inspiraci\u00f3n con Alejandra Flores de Gray<\/strong><br \/>\nAcompa\u00f1aremos a esta talentosa artista guatemalteca mientras nos lleva por un recorrido inspirador a trav\u00e9s de sus muy diversas experiencias de vida en Guatemala, Europa, Medio Oriente y \u00c1frica.<\/p>\n<p>[\/kc_column_text][\/kc_column_inner#][kc_column_inner# width=\"50%\" _id=\"967577\"][kc_single_image _id=\"853747\" image_source=\"external_link\" image_external_link=\"https:\/\/scontent.fgua3-2.fna.fbcdn.net\/v\/t1.0-9\/31676620_2036404760013864_4843683994090340352_n.jpg?_nc_cat=0&amp;oh=d955260d141cbace0ffee5e3b87095b4&amp;oe=5BB4DF63\"][\/kc_column_inner#][\/kc_row_inner#][kc_divider style=\"3\" _id=\"936202\" css_custom=\"{`kc-css`:{`any`:{`line`:{`border-color|.divider_inner`:`#000000`,`border-style|.divider_inner`:`solid`}}}}\" line_text=\"Expertos Invitados \"][kc_row_inner# column_align=\"middle\" _id=\"919163\"][kc_column_inner# width=\"50%\" _id=\"45391\"][kc_column_text _id=\"95603\" css_custom=\"{`kc-css`:{`any`:{`typography`:{`font-size|,p`:`20px`}}}}\"]<\/p>\n<p><strong>Alejandra Flores de Gray<\/strong><br \/>\nEstudi\u00e9 pintura en la Academia Estatal de Bellas Artes de Karlsruhe, Alemania. Se realizaron varias exposiciones individuales y colectivas de mi obra en la Galer\u00eda Kistner-Bayne enAlemania, en los a\u00f1os 2010 al 2014. Trabaj\u00e9 como maestra de pintura para ni\u00f1os y adultos en el Estudio Academia Todo Arte y particip\u00e9 como maestra de arte para la Fundaci\u00f3n Telef\u00f3nica en el proyecto Proni\u00f1o, en la Escuela Municipal de Pintura. Soy instructora certificada de yoga devocional y mam\u00e1 de tiempo completo de dos bendiciones, F\u00e9lix y Lucas, experiencia que me ha dado muchas de las lecciones m\u00e1s significativas de mis 38 a\u00f1os. La vida me ha llevado a vivir en pa\u00edses diversos, en Europa, el \u00c1frica y el Medio Oriente. Creo absolutamente en la luz<br \/>\nde Guatemala, en que el aprendizaje y el enriquecimiento de nuestro esp\u00edritu nunca terminan, en que las oportunidades vienen en todos tama\u00f1os y colores y en el valor del aporte que cada quien como individuos podemos ofrecer a nuestra sociedad y a la humanidad entera.<\/p>\n<p>[\/kc_column_text][kc_column_text _id=\"295289\" css_custom=\"{`kc-css`:{`any`:{`typography`:{`font-size|,p`:`20px`,`text-align|,p`:`justify`}}}}\"]<\/p>\n<p style=\"text-align: justify;\"><span style=\"font-weight: 400;\"><strong>Christian Rossell<\/strong><br \/>\n<\/span><\/p>\n<p>Un emprendedor especializado en ense\u00f1ar el uso de herramientas tecnol\u00f3gicas para lograr que Organizaciones sin Fines de Lucro logren multiplicar los resultados que obtienen con su equipo y recursos. Ingeniero en sistemas y ciencias de la computaci\u00f3n, Completo en 2017 el Diplomado en Liderazgo y Colaboraci\u00f3n con la Asociaci\u00f3n de Liderazgo de Guatemala.<\/p>\n<p>Como consultor en herramientas tecnol\u00f3gicas se desempe\u00f1a como Administrador Web para la Asociaci\u00f3n para el Liderazgo en Guatemala, y ha trabajado de manera independiente en diversos proyectos, como la creaci\u00f3n de la Aplicaci\u00f3n M\u00f3vil para aprender el idioma nativo Q\u2019eqchi \u201cAK TZOLOM\u201d.<\/p>\n<p style=\"text-align: justify;\"><span style=\"font-weight: 400;\">\u00a0<\/span><\/p>\n<p>[\/kc_column_text][\/kc_column_inner#][kc_column_inner# width=\"50%\" _id=\"436582\"][kc_single_image _id=\"329420\" image_source=\"external_link\" image_external_link=\"https:\/\/mail.google.com\/mail\/u\/0?ui=2&amp;ik=30b932287c&amp;attid=0.6&amp;permmsgid=msg-f:1601021311084421244&amp;th=1637f8665d04607c&amp;view=fimg&amp;realattid=f_jhfcqgdc5&amp;disp=thd&amp;attbid=ANGjdJ_0-F70Gpj6cHw45-eQ_mSPyrEaZ5RENGEpglWMNXe30N2BBCXg_r2uOOBCM6nwgjcKK2yq36Q_Yd_U3tKdgC1ZaACRSjlCRmAOP42dEceOvQJzxSMrEEOBK9U&amp;ats=2524608000000&amp;sz=w1349-h588\" css_custom=\"{`kc-css`:{}}\"][kc_single_image _id=\"179794\" image_source=\"external_link\" image_external_link=\"https:\/\/circulaguatemala.org\/wp-content\/uploads\/2017\/11\/christian-russel.jpg\"][kc_single_image _id=\"171619\" image_source=\"external_link\" image_external_link=\"https:\/\/lh5.googleusercontent.com\/K28-EJ07MK1nn_ka73yYTYS_hiWg2EVhiF-U0-4CZD7sK7yE6wUH6cHP3dCAR45yW9tcbmrrhBwa6c3zy03DJBVUZeEhiUdluyoy=w1350-h618-rw\"][\/kc_column_inner#][\/kc_row_inner#][\/kc_column_inner][\/kc_row_inner][\/kc_column][\/kc_row]<\/p>","protected":false},"excerpt":{"rendered":"<p>[kc_row use_container=\"yes\" _id=\"810444\"][kc_column width=\"12\/12\" _id=\"519155\"][kc_row_inner column_align=\"middle\" _id=\"599659\"][kc_column_inner width=\"100%\" _id=\"796611\"][kc_column_text _id=\"429177\" css_custom=\"{`kc-css`:{}}\"] Modulo 3 La comunicaci\u00f3n, herramienta fundamental del l\u00edder. [\/kc_column_text][kc_column_text _id=\"742028\" css_custom=\"{`kc-css`:{}}\"] En el m\u00f3dulo 3 profundizareos en la importancia de la comunicaci\u00f3n en el ejercicio de un liderazgo que inspira confianza. [\/kc_column_text][kc_column_text _id=\"911318\" css_custom=\"{`kc-css`:{`any`:{`typography`:{`font-size|,p`:`27px`}}}}\"] El lugar de encuentro es la Casa de Retiros Puerta [&hellip;]<\/p>","protected":false},"author":4,"featured_media":0,"comment_status":"open","ping_status":"open","sticky":false,"template":"","format":"standard","meta":{"_acf_changed":false,"footnotes":""},"categories":[28],"tags":[],"class_list":["post-3773","post","type-post","status-publish","format-standard","hentry","category-sin-categorizar"],"acf":[],"_links":{"self":[{"href":"https:\/\/www.circulaguatemala.org\/en\/wp-json\/wp\/v2\/posts\/3773"}],"collection":[{"href":"https:\/\/www.circulaguatemala.org\/en\/wp-json\/wp\/v2\/posts"}],"about":[{"href":"https:\/\/www.circulaguatemala.org\/en\/wp-json\/wp\/v2\/types\/post"}],"author":[{"embeddable":true,"href":"https:\/\/www.circulaguatemala.org\/en\/wp-json\/wp\/v2\/users\/4"}],"replies":[{"embeddable":true,"href":"https:\/\/www.circulaguatemala.org\/en\/wp-json\/wp\/v2\/comments?post=3773"}],"version-history":[{"count":0,"href":"https:\/\/www.circulaguatemala.org\/en\/wp-json\/wp\/v2\/posts\/3773\/revisions"}],"wp:attachment":[{"href":"https:\/\/www.circulaguatemala.org\/en\/wp-json\/wp\/v2\/media?parent=3773"}],"wp:term":[{"taxonomy":"category","embeddable":true,"href":"https:\/\/www.circulaguatemala.org\/en\/wp-json\/wp\/v2\/categories?post=3773"},{"taxonomy":"post_tag","embeddable":true,"href":"https:\/\/www.circulaguatemala.org\/en\/wp-json\/wp\/v2\/tags?post=3773"}],"curies":[{"name":"wp","href":"https:\/\/api.w.org\/{rel}","templated":true}]}}