{"id":3858,"date":"2018-06-26T20:15:49","date_gmt":"2018-06-26T20:15:49","guid":{"rendered":"http:\/\/liderazgoguatemala.org\/?p=3858"},"modified":"2018-06-26T20:15:49","modified_gmt":"2018-06-26T20:15:49","slug":"mesa-de-diseno-del-plan-multisectorial-de-apoyo-psicosocial-y-salud-mental-para-poblaciones-afectadas-por-la-erupcion-del-volcan-de-fuego-en-guatemala","status":"publish","type":"post","link":"https:\/\/www.circulaguatemala.org\/en\/mesa-de-diseno-del-plan-multisectorial-de-apoyo-psicosocial-y-salud-mental-para-poblaciones-afectadas-por-la-erupcion-del-volcan-de-fuego-en-guatemala\/","title":{"rendered":"Mesa de Dise\u00f1o del  plan multisectorial de apoyo psicosocial y salud mental"},"content":{"rendered":"<p>[kc_row use_container=\"yes\" _id=\"857421\"][kc_column width=\"12\/12\" _id=\"233265\"][kc_title text=\"UExBTiBNVUxUSVNFQ1RPUklBTCBERSBBUE9ZTyBQU0lDT1NPQ0lBTCBZIFNBTFVEIE1FTlRBTCBQQVJBIFBPQkxBQ0lPTkVTIEFGRUNUQURBUyBQT1IgTEEgRVJVUENJw5NOIERFTCBWT0xDw4FOIERFIEZVRUdPIEVOIEdVQVRFTUFMQSw=\" _id=\"552021\" type=\"h1\" css_custom=\"{`kc-css`:{`any`:{`title-style`:{`color|+.kc_title,.kc_title,.kc_title a.kc_title_link`:`#c2c2c2`,`font-size|+.kc_title,.kc_title,.kc_title a.kc_title_link`:`20px`,`text-align|+.kc_title,.kc_title,.kc_title a.kc_title_link`:`center`}}}}\"][kc_column_text _id=\"677885\" css_custom=\"{`kc-css`:{`any`:{`typography`:{`text-align|,p`:`justify`}}}}\"]<\/p>\n<p>En Asociaci\u00f3n para el Liderazgo en Guatemala nos sentimos honrados de formar parte de la Mesa de Dise\u00f1o del <strong>PLAN MULTISECTORIAL DE APOYO PSICOSOCIAL Y SALUD MENTAL PARA POBLACIONES AFECTADAS POR LA ERUPCI\u00d3N DEL VOLC\u00c1N DE FUEGO EN GUATEMALA<\/strong>, coordinada por el Ministerio de Salud, por la Organizaci\u00f3n Mundial de la Salud y la Organizaci\u00f3n Panamericana de la Salud. Hacemos nuestro aporte desde la experiencia de Pr\u00e1cticas Restaurativas.<\/p>\n<p>El desastre natural del Volc\u00e1n de Fuego afect\u00f3 a miles de personas, la respuesta del pueblo<br \/>\nGuatemalteco y la comunidad internacional se hizo sentir con solidaridad.<\/p>\n<p>El paso de los primeros d\u00edas despu\u00e9s de la erupci\u00f3n hizo evidente la necesidad de coordinaci\u00f3n multisectorial para ofrecer atenci\u00f3n psicosocial y de salud mental apropiada, digna y comprometida. Una vez m\u00e1s comprobamos y afirmamos que el ejercicio del liderazgo \u00edntegro y colaborativo incrementa el impacto de cualquier acci\u00f3n en la sociedad. En esta mesa multisectorial, l\u00edderes representantes de diversas organizaciones nacionales e internacionales aportaron desde su experiencia y conocimiento, uniendo esfuerzos en beneficio de las familias afectadas.<\/p>\n<p>[\/kc_column_text][kc_single_image _id=\"396655\" image_source=\"external_link\" image_external_link=\"https:\/\/lh3.googleusercontent.com\/God5WFfocvsPwbmhA9NWgZY01fPlIJqeI9-xqDfV8NwHObOC2NweDfCNs9sdfkUYM6yTeGeE6uU7QpJlsZRi=w1366-h586-rw\"][\/kc_column][\/kc_row][kc_row _id=\"33543\"][kc_column width=\"12\/12\" _id=\"168865\"][kc_column_text _id=\"693188\"]<br \/>\n[\/kc_column_text][\/kc_column][\/kc_row]<\/p>","protected":false},"excerpt":{"rendered":"<p>[kc_row use_container=\"yes\" _id=\"857421\"][kc_column width=\"12\/12\" _id=\"233265\"][kc_title text=\"UExBTiBNVUxUSVNFQ1RPUklBTCBERSBBUE9ZTyBQU0lDT1NPQ0lBTCBZIFNBTFVEIE1FTlRBTCBQQVJBIFBPQkxBQ0lPTkVTIEFGRUNUQURBUyBQT1IgTEEgRVJVUENJw5NOIERFTCBWT0xDw4FOIERFIEZVRUdPIEVOIEdVQVRFTUFMQSw=\" _id=\"552021\" type=\"h1\" css_custom=\"{`kc-css`:{`any`:{`title-style`:{`color|+.kc_title,.kc_title,.kc_title a.kc_title_link`:`#c2c2c2`,`font-size|+.kc_title,.kc_title,.kc_title a.kc_title_link`:`20px`,`text-align|+.kc_title,.kc_title,.kc_title a.kc_title_link`:`center`}}}}\"][kc_column_text _id=\"677885\" css_custom=\"{`kc-css`:{`any`:{`typography`:{`text-align|,p`:`justify`}}}}\"] En Asociaci\u00f3n para el Liderazgo en Guatemala nos sentimos honrados de formar parte de la Mesa de Dise\u00f1o del PLAN MULTISECTORIAL DE APOYO PSICOSOCIAL Y SALUD MENTAL PARA POBLACIONES AFECTADAS POR LA ERUPCI\u00d3N DEL VOLC\u00c1N DE FUEGO EN GUATEMALA, coordinada por [&hellip;]<\/p>","protected":false},"author":4,"featured_media":0,"comment_status":"open","ping_status":"open","sticky":false,"template":"","format":"standard","meta":{"_acf_changed":false,"footnotes":""},"categories":[21],"tags":[],"class_list":["post-3858","post","type-post","status-publish","format-standard","hentry","category-noticias"],"acf":[],"_links":{"self":[{"href":"https:\/\/www.circulaguatemala.org\/en\/wp-json\/wp\/v2\/posts\/3858"}],"collection":[{"href":"https:\/\/www.circulaguatemala.org\/en\/wp-json\/wp\/v2\/posts"}],"about":[{"href":"https:\/\/www.circulaguatemala.org\/en\/wp-json\/wp\/v2\/types\/post"}],"author":[{"embeddable":true,"href":"https:\/\/www.circulaguatemala.org\/en\/wp-json\/wp\/v2\/users\/4"}],"replies":[{"embeddable":true,"href":"https:\/\/www.circulaguatemala.org\/en\/wp-json\/wp\/v2\/comments?post=3858"}],"version-history":[{"count":0,"href":"https:\/\/www.circulaguatemala.org\/en\/wp-json\/wp\/v2\/posts\/3858\/revisions"}],"wp:attachment":[{"href":"https:\/\/www.circulaguatemala.org\/en\/wp-json\/wp\/v2\/media?parent=3858"}],"wp:term":[{"taxonomy":"category","embeddable":true,"href":"https:\/\/www.circulaguatemala.org\/en\/wp-json\/wp\/v2\/categories?post=3858"},{"taxonomy":"post_tag","embeddable":true,"href":"https:\/\/www.circulaguatemala.org\/en\/wp-json\/wp\/v2\/tags?post=3858"}],"curies":[{"name":"wp","href":"https:\/\/api.w.org\/{rel}","templated":true}]}}