{"id":3892,"date":"2018-07-11T13:25:13","date_gmt":"2018-07-11T13:25:13","guid":{"rendered":"http:\/\/liderazgoguatemala.org\/?p=3892"},"modified":"2018-07-11T13:25:13","modified_gmt":"2018-07-11T13:25:13","slug":"alg-co-facilita-seminario-strachan-sobre-auto-cuidado-en-costa-rica","status":"publish","type":"post","link":"https:\/\/www.circulaguatemala.org\/en\/alg-co-facilita-seminario-strachan-sobre-auto-cuidado-en-costa-rica\/","title":{"rendered":"ALG co-facilita Seminario Strachan sobre Auto cuidado en Costa Rica"},"content":{"rendered":"<p>[kc_row use_container=\"yes\" _id=\"708171\"][kc_column width=\"12\/12\" _id=\"682439\"][kc_column_text _id=\"962608\" css_custom=\"{`kc-css`:{`any`:{`typography`:{`text-align|,p`:`justify`}}}}\"]<\/p>\n<p><strong>Asociaci\u00f3n para el Liderazgo en Guatemala<\/strong> se siente satisfecha y honrada por haber sido invitados a co facilitar el<em><strong> Seminario Strachan sobre Autocuidado que se realiz\u00f3 en Costa Rica<\/strong> <\/em>en el mes de julio de 2018 y en el que participaron 65 l\u00edderes de ONG\u00b4s provenientes de Guatemala, El Salvador, Costa Rica, Honduras, Nicaragua y Panam\u00e1. Todos ellos miembros de la Red de Grantees de Fundaci\u00f3n Strachan.<\/p>\n<p>El autocuidado es algo que se ha descuidado frecuentemente en las ONGs. Existen mitos como que el autocuidado es un lujo, los trabajadores comprometidos deben sacrificar su vida personal para el bien de la misi\u00f3n, existe una mentalidad de escasez y podemos creer que trabajando en una ONG somos indispensables. Tales mitos contribuyen al agotamiento o \u201cburnout\u201d en ingl\u00e9s, donde las personas dejan de funcionar productivamente e inclusive llegan a enfermarse.<\/p>\n<p>Para que una organizaci\u00f3n sea sana y eficaz en su misi\u00f3n es importante que la organizaci\u00f3n cuide de su personal y que tenga pol\u00edticas que reflejen dicho autocuidado. Este seminario estuvo enfocado en el autocuidado y ofreci\u00f3 t\u00e9cnicas para fomentar el autocuidado en las organizaciones. Durante el seminario se presentaron ponencias y mini talleres en varios aspectos de autocuidado que los participantes podr\u00e1n aplicar en sus pa\u00edses. <em><strong>Asociaci\u00f3n para el Liderazgo en Guatemala, representada por nuestra Directora Ejecutiva, Flor Garc\u00eda<\/strong><\/em>, ofreci\u00f3 dos plenarias y cinco mini talleres. Al finalizar pudimos comprobar con gran satisfacci\u00f3n que estos l\u00edderes Centroamericanos hab\u00edan incrementado su conciencia sobre la importancia del autocuidado y como evitar el agotamiento, adem\u00e1s de llevar de nuevas destrezas pr\u00e1cticas para realizar cambios en sus organizaciones que contribuyan al bienestar del personal y por lo tanto tenga un impacto en la calidad del servicio a beneficiarios.<\/p>\n<p>[\/kc_column_text][kc_row_inner column_align=\"middle\" _id=\"269297\"][kc_column_inner width=\"33.33%\" _id=\"619302\"][kc_single_image _id=\"56816\" image_source=\"external_link\" image_external_link=\"https:\/\/lh4.googleusercontent.com\/cxmBGgnrOJ9yUb5CPSIrIWzX7zdirk7M5JqiP-E94GYUnjXGlbTy5tXi08myYCMmOoE-bHSF1HUrSaKvXVMY=w1366-h635-rw\"][\/kc_column_inner][kc_column_inner width=\"33.33%\" _id=\"188054\"][kc_single_image _id=\"157591\" image_source=\"external_link\" image_external_link=\"https:\/\/lh5.googleusercontent.com\/C0iZA5qyTHV7nUkjdhQLOJ7R63djk3C8fAAi-4KdZ27QetB_fEnDPcMux2ktsMRWiStqTead2GpirSsm6UiF=w1366-h635-rw\"][\/kc_column_inner][kc_column_inner width=\"33.33%\" _id=\"64185\"][kc_single_image _id=\"582552\" image_source=\"external_link\" image_external_link=\"https:\/\/lh4.googleusercontent.com\/yXjW__tgJYqsOfpNeRk-b5bgYo7L9o2jCXjgL31aryW6RJPBNb_IBYzj20SaPswGDGlzANYrUHsYh5UICOol=w1366-h635-rw\"][\/kc_column_inner][\/kc_row_inner][kc_row_inner column_align=\"middle\" _id=\"690009\"][kc_column_inner width=\"33.33%\" _id=\"813182\"][kc_single_image _id=\"906199\" image_source=\"external_link\" image_external_link=\"https:\/\/lh5.googleusercontent.com\/UYHun-Hp7YqC_BvlqDENgHnteUTvQ7svlcrw1mK3ZWjIEM5AvMIlU2HxpyjMJmJR8RERLVANNJMW3ZuXE12-=w1366-h635-rw\"][\/kc_column_inner][kc_column_inner width=\"33.33%\" _id=\"291941\"][kc_single_image _id=\"93558\" image_source=\"external_link\" image_external_link=\"https:\/\/lh6.googleusercontent.com\/lrJmfOto_wJ508BH_ZCqGWm8vtDlIdPjo1odTM0l_8snpEE2MwsUiXOpMVjirpT7y52hqM1sRgAWnwPq1ZH_=w1366-h635-rw\"][\/kc_column_inner][kc_column_inner width=\"33.33%\" _id=\"36132\"][kc_single_image _id=\"44953\" image_source=\"external_link\" image_external_link=\"https:\/\/lh4.googleusercontent.com\/84AxImTsrICuxmKk5m7mv27lB0tV-6_Pr3rUksO_zFyICpI9rQYDtzKBfh3UfjahZp4A77Qi-32JFAiCwpoR=w1366-h635-rw\"][\/kc_column_inner][\/kc_row_inner][kc_single_image _id=\"112573\" image_source=\"external_link\" image_external_link=\"https:\/\/lh3.googleusercontent.com\/LE98JDlAvDjGp0Zd0HYMuq6lKHmo0YwFuYyKFyar3vLeTyvhGTLlPVgeBy8UDYMdjzfe1W5bHQgrOFX0oB3F=w1366-h586-rw\"][\/kc_column][\/kc_row]<\/p>","protected":false},"excerpt":{"rendered":"<p>[kc_row use_container=\"yes\" _id=\"708171\"][kc_column width=\"12\/12\" _id=\"682439\"][kc_column_text _id=\"962608\" css_custom=\"{`kc-css`:{`any`:{`typography`:{`text-align|,p`:`justify`}}}}\"] Asociaci\u00f3n para el Liderazgo en Guatemala se siente satisfecha y honrada por haber sido invitados a co facilitar el Seminario Strachan sobre Autocuidado que se realiz\u00f3 en Costa Rica en el mes de julio de 2018 y en el que participaron 65 l\u00edderes de ONG\u00b4s provenientes de Guatemala, [&hellip;]<\/p>","protected":false},"author":4,"featured_media":3910,"comment_status":"open","ping_status":"open","sticky":false,"template":"","format":"standard","meta":{"_acf_changed":false,"footnotes":""},"categories":[21],"tags":[],"class_list":["post-3892","post","type-post","status-publish","format-standard","has-post-thumbnail","hentry","category-noticias"],"acf":[],"_links":{"self":[{"href":"https:\/\/www.circulaguatemala.org\/en\/wp-json\/wp\/v2\/posts\/3892"}],"collection":[{"href":"https:\/\/www.circulaguatemala.org\/en\/wp-json\/wp\/v2\/posts"}],"about":[{"href":"https:\/\/www.circulaguatemala.org\/en\/wp-json\/wp\/v2\/types\/post"}],"author":[{"embeddable":true,"href":"https:\/\/www.circulaguatemala.org\/en\/wp-json\/wp\/v2\/users\/4"}],"replies":[{"embeddable":true,"href":"https:\/\/www.circulaguatemala.org\/en\/wp-json\/wp\/v2\/comments?post=3892"}],"version-history":[{"count":0,"href":"https:\/\/www.circulaguatemala.org\/en\/wp-json\/wp\/v2\/posts\/3892\/revisions"}],"wp:featuredmedia":[{"embeddable":true,"href":"https:\/\/www.circulaguatemala.org\/en\/wp-json\/wp\/v2\/media\/3910"}],"wp:attachment":[{"href":"https:\/\/www.circulaguatemala.org\/en\/wp-json\/wp\/v2\/media?parent=3892"}],"wp:term":[{"taxonomy":"category","embeddable":true,"href":"https:\/\/www.circulaguatemala.org\/en\/wp-json\/wp\/v2\/categories?post=3892"},{"taxonomy":"post_tag","embeddable":true,"href":"https:\/\/www.circulaguatemala.org\/en\/wp-json\/wp\/v2\/tags?post=3892"}],"curies":[{"name":"wp","href":"https:\/\/api.w.org\/{rel}","templated":true}]}}