{"id":4028,"date":"2018-10-10T01:10:02","date_gmt":"2018-10-10T01:10:02","guid":{"rendered":"http:\/\/liderazgoguatemala.org\/?p=4028"},"modified":"2018-10-10T01:10:02","modified_gmt":"2018-10-10T01:10:02","slug":"alvita-batres-lider-del-mes","status":"publish","type":"post","link":"https:\/\/www.circulaguatemala.org\/en\/alvita-batres-lider-del-mes\/","title":{"rendered":"Alvita Batres- Lider del mes"},"content":{"rendered":"<p>[kc_row use_container=\"yes\" force=\"no\" column_align=\"middle\" _id=\"690076\"][kc_column width=\"50%\" _id=\"925682\"][kc_column_text _id=\"895873\"]<\/p>\n<p style=\"text-align: justify;\"><span style=\"font-weight: 400;\">Alvita Batres se gradu\u00f3 del Diplomado en Liderazgo y Colaboraci\u00f3n en nuestra primera promoci\u00f3n. Ella trabaja en el Centro de Educaci\u00f3n para Adultos San Mart\u00edn de Porres, en la parte oriental de Guatemala en el Departamento de Izabal. Alvita es una Defensora de los Derechos Humanos, con un enfoque en las \u00e1reas de derecho a la participaci\u00f3n socio-pol\u00edtica, derecho a la salud, derecho a la educaci\u00f3n, y derecho a la independencia econ\u00f3mica. Es la representante de la Organizaci\u00f3n de Mujeres de Izabal, un grupo de voluntarias profesionales que se esfuerzan por satisfacer las necesidades de las mujeres en el departamento a trav\u00e9s del acompa\u00f1amiento, la alfabetizaci\u00f3n, la capacitaci\u00f3n en habilidades, el desarrollo de liderazgo, autoestima, \u00a0la educaci\u00f3n sobre salud sexual y reproductiva entre muchas otras cosas.<\/span><\/p>\n<p style=\"text-align: justify;\"><span style=\"font-weight: 400;\">De su tiempo con ALG, Alvita dice: \u201c<\/span><span style=\"font-weight: 400;\">Amo el C\u00edrculo de Confianza. Me permiti\u00f3 abrir el coraz\u00f3n a nuevas emociones y oportunidades. Encontr\u00e9 una familia llena de amor y atenci\u00f3n. ALG me sostuvo y me sigue d\u00e1ndome \u00a0energ\u00edas para continuar avanzando. Esos lazos son tan fuertes que sigo a\u00f1orando mis sesiones de aprendizaje, los momentos de convivencia y los reencuentros tan emocionantes.<\/span><span style=\"font-weight: 400;\">\"<\/span><\/p>\n<p style=\"text-align: justify;\"><span style=\"font-weight: 400;\">A pesar de haber enfrentado amenazas y persecuci\u00f3n pol\u00edtica, Alvita no cambiar\u00eda nada. Ella ama su trabajo y continuar\u00e1 mientras Dios le brinde el poder para continuar sirviendo. Servir a los dem\u00e1s le da vida , y cada ma\u00f1ana cuando llega al centro donde se llevan a cabo las clases y ve a las mujeres que esperan en la puerta que la saludan con una sonrisa y una taza de caf\u00e9, est\u00e1 motivada para seguir haciendo el trabajo, el trabajo que ella siente que el universo le permite hacer.<\/span><\/p>\n<p>[\/kc_column_text][\/kc_column][kc_column width=\"50%\" _id=\"707954\"][kc_column_text _id=\"364509\"]<\/p>\n<p><img loading=\"lazy\" decoding=\"async\" style=\"font-style: inherit; transform: rotate(0rad);\" src=\"https:\/\/lh6.googleusercontent.com\/xwV-8uOoJAtyfluKQUzCt2fAqe3nQ22SBaNv-CqDIa-kLH24xpT8SA1KxE4gTOHMXJ7dQ8aoR1Kr1j2YftDcmORhAiERwFmbjpZUqBGT2Pwof4StamZlHEJRlocJf5buj428GCd8\" width=\"559\" height=\"792\" \/><\/p>\n<p>[\/kc_column_text][\/kc_column][\/kc_row]<\/p>","protected":false},"excerpt":{"rendered":"<p>[kc_row use_container=\"yes\" force=\"no\" column_align=\"middle\" _id=\"690076\"][kc_column width=\"50%\" _id=\"925682\"][kc_column_text _id=\"895873\"] Alvita Batres se gradu\u00f3 del Diplomado en Liderazgo y Colaboraci\u00f3n en nuestra primera promoci\u00f3n. Ella trabaja en el Centro de Educaci\u00f3n para Adultos San Mart\u00edn de Porres, en la parte oriental de Guatemala en el Departamento de Izabal. Alvita es una Defensora de los Derechos Humanos, con [&hellip;]<\/p>","protected":false},"author":4,"featured_media":4044,"comment_status":"open","ping_status":"open","sticky":false,"template":"","format":"standard","meta":{"_acf_changed":false,"footnotes":""},"categories":[18],"tags":[33],"class_list":["post-4028","post","type-post","status-publish","format-standard","has-post-thumbnail","hentry","category-blog-2","tag-lider"],"acf":[],"_links":{"self":[{"href":"https:\/\/www.circulaguatemala.org\/en\/wp-json\/wp\/v2\/posts\/4028"}],"collection":[{"href":"https:\/\/www.circulaguatemala.org\/en\/wp-json\/wp\/v2\/posts"}],"about":[{"href":"https:\/\/www.circulaguatemala.org\/en\/wp-json\/wp\/v2\/types\/post"}],"author":[{"embeddable":true,"href":"https:\/\/www.circulaguatemala.org\/en\/wp-json\/wp\/v2\/users\/4"}],"replies":[{"embeddable":true,"href":"https:\/\/www.circulaguatemala.org\/en\/wp-json\/wp\/v2\/comments?post=4028"}],"version-history":[{"count":0,"href":"https:\/\/www.circulaguatemala.org\/en\/wp-json\/wp\/v2\/posts\/4028\/revisions"}],"wp:featuredmedia":[{"embeddable":true,"href":"https:\/\/www.circulaguatemala.org\/en\/wp-json\/wp\/v2\/media\/4044"}],"wp:attachment":[{"href":"https:\/\/www.circulaguatemala.org\/en\/wp-json\/wp\/v2\/media?parent=4028"}],"wp:term":[{"taxonomy":"category","embeddable":true,"href":"https:\/\/www.circulaguatemala.org\/en\/wp-json\/wp\/v2\/categories?post=4028"},{"taxonomy":"post_tag","embeddable":true,"href":"https:\/\/www.circulaguatemala.org\/en\/wp-json\/wp\/v2\/tags?post=4028"}],"curies":[{"name":"wp","href":"https:\/\/api.w.org\/{rel}","templated":true}]}}