{"id":4080,"date":"2019-01-29T00:54:34","date_gmt":"2019-01-29T00:54:34","guid":{"rendered":"http:\/\/liderazgoguatemala.org\/?p=4080"},"modified":"2019-01-29T00:54:34","modified_gmt":"2019-01-29T00:54:34","slug":"virigilio-yach-queche-lider-del-mes-de-enero-2019","status":"publish","type":"post","link":"https:\/\/www.circulaguatemala.org\/en\/virigilio-yach-queche-lider-del-mes-de-enero-2019\/","title":{"rendered":"Virigilio Yach Queche- Lider del mes de Enero 2019"},"content":{"rendered":"<p>[kc_row use_container=\"yes\" _id=\"58945\"][kc_column width=\"50%\" _id=\"813496\"][kc_column_text _id=\"364249\"]<\/p>\n<p style=\"text-align: justify;\">Virgilio es un l\u00edder que realiza distintos trabajos en el departamento de Solol\u00e1, donde se encuentra el lago Atitl\u00e1n. A trav\u00e9s de su perfil profesional, su compromiso con la psicolog\u00eda, la educaci\u00f3n, el desarrollo de la infancia y de los j\u00f3venes acompa\u00f1antes en su b\u00fasqueda de hacer realidad sus sue\u00f1os se hace muy claro.<\/p>\n<p style=\"text-align: justify;\">Desde su c\u00e1tedra en una universidad local, su colaboraci\u00f3n con MAIA en el \u00e1rea de bienestar f\u00edsico y psicol\u00f3gico y en formaci\u00f3n institucional, con el Centro Educativo Comunitario CEEDUCCA en gesti\u00f3n de becas educativas y con CAMEL (Centro de atenci\u00f3n mental, psicol\u00f3gico y coaching),<\/p>\n<blockquote>\n<p style=\"text-align: center;\">Virgilio es un l\u00edder que lidera desde la visi\u00f3n de los j\u00f3venes a los que sirve.<\/p>\n<\/blockquote>\n<p style=\"text-align: justify;\">\u00c9l est\u00e1 inspirado para hacer que el cambio, la transformaci\u00f3n y la oportunidad ocurran a trav\u00e9s de la educaci\u00f3n y el bienestar espiritual, f\u00edsico y emocional de la pr\u00f3xima generaci\u00f3n.<\/p>\n<p style=\"text-align: justify;\">Este trabajo no es siempre es f\u00e1cil, Virgilio dice que lucha con la sociedad machista en la que vive y con un sistema de poca inversi\u00f3n en la ni\u00f1ez. Para desaprender y aprender, cambiar paradigmas y romper esquemas: la cultura se resiste y limita el acceso de la educaci\u00f3n a los ni\u00f1os que la necesitan. Virgilio dice que tener una red que lo respalde y lo acompa\u00f1e a trav\u00e9s de estos desaf\u00edos es lo que le permite superar las dificultades que enfrenta. El solo hecho de saber que hay otras personas haciendo el trabajo tambi\u00e9n lo alienta.<\/p>\n<p style=\"text-align: justify;\">De su tiempo en ALG, est\u00e1 muy agradecido por\u00a0 haber aprendido a creer en su potencial, en s\u00ed mismo como\u00a0 l\u00edder y a creer en sus sue\u00f1os. Virgilio tambi\u00e9n menciona las invaluables herramientas que adquiri\u00f3 en el Diplomado en Liderazgo y Colaboraci\u00f3n, as\u00ed como en el Programa de Mentor\u00eda, herramientas que lo han acompa\u00f1ado a lo largo de su viaje. \u00c9l tambi\u00e9n valora las lecciones que aprendi\u00f3 de las personas con las que estudi\u00f3 y sus experiencias de vida le ense\u00f1aron que no importa por qu\u00e9 dificultades pases, nunca hay una raz\u00f3n para abandonar tus sue\u00f1os.<\/p>\n<p style=\"text-align: justify;\">[\/kc_column_text][\/kc_column][kc_column width=\"50%\" _id=\"376758\"][kc_row_inner column_align=\"middle\" _id=\"424345\"][kc_column_inner width=\"100%\" _id=\"589606\"][kc_single_image image_size=\"full\" _id=\"576211\" image_source=\"media_library\" image=\"4091\"][\/kc_column_inner][\/kc_row_inner][\/kc_column][\/kc_row][kc_row _id=\"954724\"][kc_column width=\"12\/12\" _id=\"446242\"][kc_column_text _id=\"883829\"]<\/p>\n<p>[\/kc_column_text][\/kc_column][\/kc_row]<\/p>","protected":false},"excerpt":{"rendered":"<p>[kc_row use_container=\"yes\" _id=\"58945\"][kc_column width=\"50%\" _id=\"813496\"][kc_column_text _id=\"364249\"] Virgilio es un l\u00edder que realiza distintos trabajos en el departamento de Solol\u00e1, donde se encuentra el lago Atitl\u00e1n. A trav\u00e9s de su perfil profesional, su compromiso con la psicolog\u00eda, la educaci\u00f3n, el desarrollo de la infancia y de los j\u00f3venes acompa\u00f1antes en su b\u00fasqueda de hacer realidad sus [&hellip;]<\/p>","protected":false},"author":4,"featured_media":4081,"comment_status":"open","ping_status":"open","sticky":false,"template":"","format":"standard","meta":{"_acf_changed":false,"footnotes":""},"categories":[18],"tags":[],"class_list":["post-4080","post","type-post","status-publish","format-standard","has-post-thumbnail","hentry","category-blog-2"],"acf":[],"_links":{"self":[{"href":"https:\/\/www.circulaguatemala.org\/en\/wp-json\/wp\/v2\/posts\/4080"}],"collection":[{"href":"https:\/\/www.circulaguatemala.org\/en\/wp-json\/wp\/v2\/posts"}],"about":[{"href":"https:\/\/www.circulaguatemala.org\/en\/wp-json\/wp\/v2\/types\/post"}],"author":[{"embeddable":true,"href":"https:\/\/www.circulaguatemala.org\/en\/wp-json\/wp\/v2\/users\/4"}],"replies":[{"embeddable":true,"href":"https:\/\/www.circulaguatemala.org\/en\/wp-json\/wp\/v2\/comments?post=4080"}],"version-history":[{"count":0,"href":"https:\/\/www.circulaguatemala.org\/en\/wp-json\/wp\/v2\/posts\/4080\/revisions"}],"wp:featuredmedia":[{"embeddable":true,"href":"https:\/\/www.circulaguatemala.org\/en\/wp-json\/wp\/v2\/media\/4081"}],"wp:attachment":[{"href":"https:\/\/www.circulaguatemala.org\/en\/wp-json\/wp\/v2\/media?parent=4080"}],"wp:term":[{"taxonomy":"category","embeddable":true,"href":"https:\/\/www.circulaguatemala.org\/en\/wp-json\/wp\/v2\/categories?post=4080"},{"taxonomy":"post_tag","embeddable":true,"href":"https:\/\/www.circulaguatemala.org\/en\/wp-json\/wp\/v2\/tags?post=4080"}],"curies":[{"name":"wp","href":"https:\/\/api.w.org\/{rel}","templated":true}]}}