{"id":4172,"date":"2019-04-02T00:53:48","date_gmt":"2019-04-02T00:53:48","guid":{"rendered":"http:\/\/liderazgoguatemala.org\/?p=4172"},"modified":"2019-04-02T00:53:48","modified_gmt":"2019-04-02T00:53:48","slug":"nicolas-telon-lider-del-mes-de-marzo","status":"publish","type":"post","link":"https:\/\/www.circulaguatemala.org\/en\/nicolas-telon-lider-del-mes-de-marzo\/","title":{"rendered":"Nicol\u00e1s Tel\u00f3n - L\u00edder del mes de Marzo"},"content":{"rendered":"<p>[kc_row use_container=\"yes\" force=\"no\" column_align=\"middle\" _id=\"791134\"][kc_column width=\"100%\" _id=\"77372\"][kc_column_text _id=\"498014\"]<\/p>\n<section class=\"kc-elm kc-css-3987970 kc_row#\">\n<div class=\"kc-row-container kc-container\">\n<div class=\"kc-wrap-columns\">\n<div class=\"kc-elm kc-css-1436452 kc_col-sm-12 kc_column# kc_col-sm-12\">\n<div class=\"kc-col-container\">\n<div class=\"kc-elm kc-css-256109 kc_text_block\">\n<p style=\"text-align: justify;\">Nicol\u00e1s Tel\u00f3n, del municipio de San Juan Comalapa, Chimaltenango, no es un emprendedor com\u00fan, sino un empresario comprometido a dar lo mejor a su comunidad en alimentos, trabajo, cultura y relaciones personales, por eso lo consideramos un verdadero agente de cambio. \u00c9l se dedic\u00f3 a trabajar con tres emprendimientos propios: un restaurante, un huerto de productos org\u00e1nicos y gracias a su formaci\u00f3n como m\u00fasico pudo fundar Camerata No\u2019j, una academia y agrupaci\u00f3n musical integrada por j\u00f3venes m\u00fasicos de esa San Juan Comalapa con el objetivo de contribuir al desarrollo art\u00edstico y cultural del municipio y la regi\u00f3n. Desde todos sus emprendimientos Nicol\u00e1s est\u00e1 siempre buscando maneras en que puede mejorar a nivel profesional y personal. \u00bfQu\u00e9 lo inspira? \u00c9l dice<\/p>\n<blockquote>\n<p style=\"text-align: center;\"><em>\u201cLo m\u00e1s enriquecedor ha sido lograr desarrollar un proyecto desde cero y verlo estable y en proceso de crecimiento. Esto es muy importante tambi\u00e9n al momento de ofrecer oportunidades laborales a personas de mi comunidad y tener presente siempre lo importante que es la motivaci\u00f3n para ellos y para m\u00ed...para nosotros. La inspiraci\u00f3n para buscar mejorar siempre y sentir que ofrecemos lo mejor de nosotros en nuestro trabajo.\u201d<\/em><\/p>\n<\/blockquote>\n<p style=\"text-align: justify;\">En resumen, la cosa m\u00e1s inspiradora para Nicol\u00e1s es la b\u00fasqueda constante de mejoramiento -- profesional y personal para \u00e9l, sus empleos y los estudiantes de m\u00fasica con quienes trabaja.<\/p>\n<p style=\"text-align: justify;\">De su tiempo con ALG, recuerda que el aprendizaje m\u00e1s impactante fue \u201ccrear espacios en los que todos y cada uno de los miembros de un equipo o comunidad nos sintamos verdaderamente seguros, con la confianza para expresarnos y ser escuchados. Y por supuesto, tener clara la importancia de escuchar y respetar las opiniones de los otros.\u201d Nicol\u00e1s personifica esa capacidad de escuchar y el inter\u00e9s de buscar lo mejor para todos, por eso elegimos a Nicol\u00e1s Tel\u00f3n como nuestro L\u00edder del Mes de Marzo.<\/p>\n<p>.<\/p>\n<\/div>\n<\/div>\n<\/div>\n<\/div>\n<\/div>\n<\/section>\n<p>[\/kc_column_text][\/kc_column][\/kc_row]<\/p>","protected":false},"excerpt":{"rendered":"<p>[kc_row use_container=\"yes\" force=\"no\" column_align=\"middle\" _id=\"791134\"][kc_column width=\"100%\" _id=\"77372\"][kc_column_text _id=\"498014\"] Nicol\u00e1s Tel\u00f3n, del municipio de San Juan Comalapa, Chimaltenango, no es un emprendedor com\u00fan, sino un empresario comprometido a dar lo mejor a su comunidad en alimentos, trabajo, cultura y relaciones personales, por eso lo consideramos un verdadero agente de cambio. \u00c9l se dedic\u00f3 a trabajar con [&hellip;]<\/p>","protected":false},"author":4,"featured_media":4173,"comment_status":"open","ping_status":"open","sticky":false,"template":"","format":"standard","meta":{"_acf_changed":false,"footnotes":""},"categories":[18],"tags":[],"class_list":["post-4172","post","type-post","status-publish","format-standard","has-post-thumbnail","hentry","category-blog-2"],"acf":[],"_links":{"self":[{"href":"https:\/\/www.circulaguatemala.org\/en\/wp-json\/wp\/v2\/posts\/4172"}],"collection":[{"href":"https:\/\/www.circulaguatemala.org\/en\/wp-json\/wp\/v2\/posts"}],"about":[{"href":"https:\/\/www.circulaguatemala.org\/en\/wp-json\/wp\/v2\/types\/post"}],"author":[{"embeddable":true,"href":"https:\/\/www.circulaguatemala.org\/en\/wp-json\/wp\/v2\/users\/4"}],"replies":[{"embeddable":true,"href":"https:\/\/www.circulaguatemala.org\/en\/wp-json\/wp\/v2\/comments?post=4172"}],"version-history":[{"count":0,"href":"https:\/\/www.circulaguatemala.org\/en\/wp-json\/wp\/v2\/posts\/4172\/revisions"}],"wp:featuredmedia":[{"embeddable":true,"href":"https:\/\/www.circulaguatemala.org\/en\/wp-json\/wp\/v2\/media\/4173"}],"wp:attachment":[{"href":"https:\/\/www.circulaguatemala.org\/en\/wp-json\/wp\/v2\/media?parent=4172"}],"wp:term":[{"taxonomy":"category","embeddable":true,"href":"https:\/\/www.circulaguatemala.org\/en\/wp-json\/wp\/v2\/categories?post=4172"},{"taxonomy":"post_tag","embeddable":true,"href":"https:\/\/www.circulaguatemala.org\/en\/wp-json\/wp\/v2\/tags?post=4172"}],"curies":[{"name":"wp","href":"https:\/\/api.w.org\/{rel}","templated":true}]}}