{"id":4396,"date":"2019-05-03T14:52:57","date_gmt":"2019-05-03T14:52:57","guid":{"rendered":"http:\/\/liderazgoguatemala.org\/?p=4396"},"modified":"2019-05-03T14:52:57","modified_gmt":"2019-05-03T14:52:57","slug":"aurelio-hernandez-lider-del-mes-de-abril","status":"publish","type":"post","link":"https:\/\/www.circulaguatemala.org\/en\/aurelio-hernandez-lider-del-mes-de-abril\/","title":{"rendered":"Aurelio Hern\u00e1ndez \u2013 L\u00edder del mes de Abril"},"content":{"rendered":"<p>[kc_row use_container=\"yes\" _id=\"637951\"][kc_column width=\"12\/12\" _id=\"984388\"][kc_column_text _id=\"538737\"]<\/p>\n<p>Para Aurelio el futuro son los j\u00f3venes. \u00c9l es Director Senior para Guatemala en la organizaci\u00f3n Global Visionaries, la cual se dedica a darles herramientas a los j\u00f3venes para que se conviertan en l\u00edderes locales y globales a trav\u00e9s de intercambios culturales entre j\u00f3venes de localidades de Guatemala y j\u00f3venes de Seattle, Estados Unidos. Estos j\u00f3venes son reunidos en una labor social con \u00e9nfasis en la justicia social y ambiental. El programa incluye talleres, retiros, servicio comunitario e inmersi\u00f3n cultural.<\/p>\n<p>Cuando Aurelio comparte los conocimientos adquiridos, lo que le da inspiraci\u00f3n es el cambio que los participantes tienen: entran como estudiantes y salen como l\u00edderes. Observa orgullosamente el impacto que se ha logrado en las promociones de los j\u00f3venes que han pasado por el programa.<\/p>\n<p>La lecci\u00f3n m\u00e1s poderosa de su tiempo en el Diplomado de ALG ha sido el hecho que todos podemos liderar directa o indirectamente en nuestro campo. Este liderazgo tiene consecuencias fuertes, si dejamos de actuar le quitamos una oportunidad a la sociedad para crecer o mejorar en temas fundamentales.<\/p>\n<p>[\/kc_column_text][\/kc_column][\/kc_row]<\/p>","protected":false},"excerpt":{"rendered":"<p>[kc_row use_container=\"yes\" _id=\"637951\"][kc_column width=\"12\/12\" _id=\"984388\"][kc_column_text _id=\"538737\"] Para Aurelio el futuro son los j\u00f3venes. \u00c9l es Director Senior para Guatemala en la organizaci\u00f3n Global Visionaries, la cual se dedica a darles herramientas a los j\u00f3venes para que se conviertan en l\u00edderes locales y globales a trav\u00e9s de intercambios culturales entre j\u00f3venes de localidades de Guatemala y [&hellip;]<\/p>","protected":false},"author":3,"featured_media":4397,"comment_status":"open","ping_status":"open","sticky":false,"template":"","format":"standard","meta":{"_acf_changed":false,"footnotes":""},"categories":[18],"tags":[],"class_list":["post-4396","post","type-post","status-publish","format-standard","has-post-thumbnail","hentry","category-blog-2"],"acf":[],"_links":{"self":[{"href":"https:\/\/www.circulaguatemala.org\/en\/wp-json\/wp\/v2\/posts\/4396"}],"collection":[{"href":"https:\/\/www.circulaguatemala.org\/en\/wp-json\/wp\/v2\/posts"}],"about":[{"href":"https:\/\/www.circulaguatemala.org\/en\/wp-json\/wp\/v2\/types\/post"}],"author":[{"embeddable":true,"href":"https:\/\/www.circulaguatemala.org\/en\/wp-json\/wp\/v2\/users\/3"}],"replies":[{"embeddable":true,"href":"https:\/\/www.circulaguatemala.org\/en\/wp-json\/wp\/v2\/comments?post=4396"}],"version-history":[{"count":0,"href":"https:\/\/www.circulaguatemala.org\/en\/wp-json\/wp\/v2\/posts\/4396\/revisions"}],"wp:featuredmedia":[{"embeddable":true,"href":"https:\/\/www.circulaguatemala.org\/en\/wp-json\/wp\/v2\/media\/4397"}],"wp:attachment":[{"href":"https:\/\/www.circulaguatemala.org\/en\/wp-json\/wp\/v2\/media?parent=4396"}],"wp:term":[{"taxonomy":"category","embeddable":true,"href":"https:\/\/www.circulaguatemala.org\/en\/wp-json\/wp\/v2\/categories?post=4396"},{"taxonomy":"post_tag","embeddable":true,"href":"https:\/\/www.circulaguatemala.org\/en\/wp-json\/wp\/v2\/tags?post=4396"}],"curies":[{"name":"wp","href":"https:\/\/api.w.org\/{rel}","templated":true}]}}