{"id":4491,"date":"2019-06-25T17:58:43","date_gmt":"2019-06-25T17:58:43","guid":{"rendered":"http:\/\/liderazgoguatemala.org\/?p=4491"},"modified":"2019-06-25T17:58:43","modified_gmt":"2019-06-25T17:58:43","slug":"brenda-lemus-lider-del-mes-de-junio","status":"publish","type":"post","link":"https:\/\/www.circulaguatemala.org\/en\/brenda-lemus-lider-del-mes-de-junio\/","title":{"rendered":"Brenda Itz\u00e9 Lemus Gordillo\u2013 L\u00edder del mes de Junio"},"content":{"rendered":"<p>[kc_row use_container=\"yes\" force=\"no\" column_align=\"middle\" video_mute=\"no\" _id=\"682041\"][kc_column width=\"12\/12\" video_mute=\"no\" _id=\"224059\"][kc_column_text _id=\"205831\"]<\/p>\n<style type=\"text\/css\"><span data-mce-type=\"bookmark\" style=\"display: inline-block; width: 0px; overflow: hidden; line-height: 0;\" class=\"mce_SELRES_start\">\ufeff<\/span><span data-mce-type=\"bookmark\" style=\"display: inline-block; width: 0px; overflow: hidden; line-height: 0;\" class=\"mce_SELRES_start\">\ufeff<\/span><\/style>\n<section class=\"kc-elm kc-css-3664269 kc_row#\">\n<div class=\"kc-row-container kc-container\">\n<div class=\"kc-wrap-columns\">\n<div class=\"kc-elm kc-css-1549776 kc_col-sm-12 kc_column# kc_col-sm-12\">\n<div class=\"kc-col-container\">\n<div class=\"kc-elm kc-css-3874990 kc_text_block\">\n<style type=\"text\/css\"><\/style>\n<section class=\"kc-elm kc-css-2426214 kc_row#\">\n<div class=\"kc-row-container kc-container\">\n<div class=\"kc-wrap-columns\">\n<div class=\"kc-elm kc-css-1895213 kc_col-sm-12 kc_column# kc_col-sm-12\">\n<div class=\"kc-col-container\">\n<div class=\"kc-elm kc-css-1716737 kc_text_block\">\n<p>Nuestra l\u00edder del mes de junio, Brenda Itz\u00e9 Lemus Gordillo, es la cofundadora y directora de programas de <em>Yo\u2019o Guatemala<\/em>. <em>Yo\u2019o Guatemala<\/em> es una organizaci\u00f3n sin fines de lucro que brinda oportunidades de educaci\u00f3n integral de calidad, salud f\u00edsica y emocional para ni\u00f1os y ni\u00f1as de Purulh\u00e1 que viven en condiciones de pobreza extrema. Lo que m\u00e1s inspira a Brenda es el poder de una comunidad que colabora y ella se siente motivada al observar a la comunidad a la que sirve \"construirse a s\u00ed misma e involucrarse para generar cambios verdaderos con oportunidades de vida digna para los ni\u00f1os y ni\u00f1as que viven en condiciones de pobreza extrema\". <em>Yo\u2019o Guatemala<\/em> trabaja ofreciendo becas, tutor\u00eda despu\u00e9s de la escuela y diversos programas educativos durante vacaciones escolares que en su conjunto buscan como impacto de largo plazo romper el ciclo de pobreza para los j\u00f3venes y para su comunidad.<\/p>\n<p>Como Directora de Programas, Brenda se responsabiliza de la formaci\u00f3n del equipo que ejecuta la misi\u00f3n de la organizaci\u00f3n. Esta parte de su rol ha demostrado ser la m\u00e1s dif\u00edcil, ya que dice que \"formar un equipo de personas que compartan los objetivos con integridad\" es el mayor desaf\u00edo en su posici\u00f3n como l\u00edder. En \u00faltima instancia, lo que le da la capacidad para superar este desaf\u00edo son los valores inquebrantables de su socia fundadora y su equipo de voluntarios que trabajan de forma profesional.<\/p>\n<p>De su tiempo en ALG, Brenda aprecia las herramientas que obtuvo para implementar un trabajo integral de calidad, esas fueron las cosas m\u00e1s importantes llev\u00f3 con ella. Recientemente se public\u00f3 un art\u00edculo sobre Brenda y la nombran una de las 100 mujeres m\u00e1s influyentes de Guatemala.<\/p>\n<p style=\"margin: 12pt 0cm; text-align: justify; background-image: initial; background-position: initial; background-size: initial; background-repeat: initial; background-attachment: initial; background-origin: initial; background-clip: initial;\"><span style=\"font-size: 10.5pt;\">\u00a0<\/span><\/p>\n<\/div>\n<\/div>\n<\/div>\n<\/div>\n<\/div>\n<\/section>\n<\/div>\n<\/div>\n<\/div>\n<\/div>\n<\/div>\n<\/section>\n<p>[\/kc_column_text][\/kc_column][\/kc_row]<\/p>","protected":false},"excerpt":{"rendered":"<p>[kc_row use_container=\"yes\" force=\"no\" column_align=\"middle\" video_mute=\"no\" _id=\"682041\"][kc_column width=\"12\/12\" video_mute=\"no\" _id=\"224059\"][kc_column_text _id=\"205831\"] Nuestra l\u00edder del mes de junio, Brenda Itz\u00e9 Lemus Gordillo, es la cofundadora y directora de programas de Yo\u2019o Guatemala. Yo\u2019o Guatemala es una organizaci\u00f3n sin fines de lucro que brinda oportunidades de educaci\u00f3n integral de calidad, salud f\u00edsica y emocional para ni\u00f1os y ni\u00f1as [&hellip;]<\/p>","protected":false},"author":3,"featured_media":4492,"comment_status":"open","ping_status":"open","sticky":false,"template":"","format":"standard","meta":{"_acf_changed":false,"footnotes":""},"categories":[18],"tags":[],"class_list":["post-4491","post","type-post","status-publish","format-standard","has-post-thumbnail","hentry","category-blog-2"],"acf":[],"_links":{"self":[{"href":"https:\/\/www.circulaguatemala.org\/en\/wp-json\/wp\/v2\/posts\/4491"}],"collection":[{"href":"https:\/\/www.circulaguatemala.org\/en\/wp-json\/wp\/v2\/posts"}],"about":[{"href":"https:\/\/www.circulaguatemala.org\/en\/wp-json\/wp\/v2\/types\/post"}],"author":[{"embeddable":true,"href":"https:\/\/www.circulaguatemala.org\/en\/wp-json\/wp\/v2\/users\/3"}],"replies":[{"embeddable":true,"href":"https:\/\/www.circulaguatemala.org\/en\/wp-json\/wp\/v2\/comments?post=4491"}],"version-history":[{"count":0,"href":"https:\/\/www.circulaguatemala.org\/en\/wp-json\/wp\/v2\/posts\/4491\/revisions"}],"wp:featuredmedia":[{"embeddable":true,"href":"https:\/\/www.circulaguatemala.org\/en\/wp-json\/wp\/v2\/media\/4492"}],"wp:attachment":[{"href":"https:\/\/www.circulaguatemala.org\/en\/wp-json\/wp\/v2\/media?parent=4491"}],"wp:term":[{"taxonomy":"category","embeddable":true,"href":"https:\/\/www.circulaguatemala.org\/en\/wp-json\/wp\/v2\/categories?post=4491"},{"taxonomy":"post_tag","embeddable":true,"href":"https:\/\/www.circulaguatemala.org\/en\/wp-json\/wp\/v2\/tags?post=4491"}],"curies":[{"name":"wp","href":"https:\/\/api.w.org\/{rel}","templated":true}]}}