{"id":4510,"date":"2019-07-15T16:33:00","date_gmt":"2019-07-15T16:33:00","guid":{"rendered":"http:\/\/liderazgoguatemala.org\/?p=4510"},"modified":"2019-07-15T16:33:00","modified_gmt":"2019-07-15T16:33:00","slug":"mayra-torres-lider-del-mes-de-julio","status":"publish","type":"post","link":"https:\/\/www.circulaguatemala.org\/en\/mayra-torres-lider-del-mes-de-julio\/","title":{"rendered":"Mayra Torres\u2013 L\u00edder del mes de Julio"},"content":{"rendered":"<p>[kc_row use_container=\"yes\" force=\"no\" column_align=\"middle\" video_mute=\"no\" _id=\"670928\"][kc_column width=\"12\/12\" video_mute=\"no\" _id=\"303056\"][kc_column_text _id=\"780490\"]<\/p>\n<p><style type=\"text\/css\"><\/style>\n<\/p>\n<section class=\"kc-elm kc-css-218308 kc_row#\">\n<div class=\"kc-row-container kc-container\">\n<div class=\"kc-wrap-columns\">\n<div class=\"kc-elm kc-css-516214 kc_col-sm-12 kc_column# kc_col-sm-12\">\n<div class=\"kc-col-container\">\n<div class=\"kc-elm kc-css-2971839 kc_text_block\">\n<style type=\"text\/css\"><span data-mce-type=\"bookmark\" style=\"display: inline-block; width: 0px; overflow: hidden; line-height: 0;\" class=\"mce_SELRES_start\">\ufeff<\/span><span data-mce-type=\"bookmark\" style=\"display: inline-block; width: 0px; overflow: hidden; line-height: 0;\" class=\"mce_SELRES_start\">\ufeff<\/span><\/style>\n<section class=\"kc-elm kc-css-3664269 kc_row#\">\n<div class=\"kc-row-container kc-container\">\n<div class=\"kc-wrap-columns\">\n<div class=\"kc-elm kc-css-1549776 kc_col-sm-12 kc_column# kc_col-sm-12\">\n<div class=\"kc-col-container\">\n<div class=\"kc-elm kc-css-3874990 kc_text_block\">\n<style type=\"text\/css\"><\/style>\n<section class=\"kc-elm kc-css-2426214 kc_row#\">\n<div class=\"kc-row-container kc-container\">\n<div class=\"kc-wrap-columns\">\n<div class=\"kc-elm kc-css-1895213 kc_col-sm-12 kc_column# kc_col-sm-12\">\n<div class=\"kc-col-container\">\n<div class=\"kc-elm kc-css-1716737 kc_text_block\">\n<p>Mayra Torres, una mujer que mientras construye su propia historia, crea caminos de transformaci\u00f3n para otros.<\/p>\n<\/p>\n<p>Mayra form\u00f3 parte de la Promoci\u00f3n 2015 del Diplomado en Liderazgo y Colaboraci\u00f3n, en aquel a\u00f1o ella trabajaba como Psic\u00f3loga en el \u00e1rea de Salud Mental en Asociaci\u00f3n Obras Sociales del Santo Hermano Pedro y adem\u00e1s dedicaba parte de su tiempo personal a\u00a0un programa de becas para adolescentes.\u00a0 El Diplomado en ALG le ayud\u00f3 a afinar su visi\u00f3n de liderazgo, le brind\u00f3 un espacio de formaci\u00f3n continua y la conect\u00f3 a una red grande de apoyo y colaboraci\u00f3n. Se sinti\u00f3 inspirada y continu\u00f3 su formaci\u00f3n con un proceso posterior en liderazgo ontol\u00f3gico. La suma de estas experiencias y un proceso de crecimiento personal muy profundo le han dado la fuerza para iniciar su propia organizaci\u00f3n en 2019, desde la cual apoyar\u00e1 a l\u00edderes en su desarrollo profesional. Algo que nos encanta de esta historia es que al formar su nueva organizaci\u00f3n, invit\u00f3 a una compa\u00f1era del Diplomado a ser parte de la Junta Directiva, as\u00ed que el crecimiento en liderazgo contin\u00faa en comunidad. Lo que m\u00e1s le inspira es \u201cser motor, l\u00edder y acompa\u00f1ante en procesos de desarrollo personales para que las personas descubran y ejerzan su Liderazgo en el espacio donde se encuentran\u201d.\u00a0\u00a0<\/p>\n<\/p>\n<p>Una de las experiencias que m\u00e1s impact\u00f3 a Mayra en ALG fue el programa de Mentores, el cual es\u00a0el segundo nivel de entrenamiento que realiz\u00f3 cuando ya era una graduada del Diplomado. Ella particip\u00f3 en un entrenamiento espec\u00edfico para Mentores convirti\u00e9ndose en Mentora para nuevos l\u00edderes y ha sido voluntaria para ejercer este rol en ALG durante cuatro a\u00f1os! Sobre su participaci\u00f3n en el programa de Mentores comenta: \u201cAcompa\u00f1ar a un L\u00edder en formaci\u00f3n aporta crecimiento tanto para el acompa\u00f1ado como para la Mentora o el Mentor.\u201d<\/p>\n<\/p>\n<p>Parte de nuestra misi\u00f3n es inspirar a otros a so\u00f1ar m\u00e1s alto y alcanzar esos sue\u00f1os, especialmente cuando esos sue\u00f1os sirven para construir un mundo m\u00e1s solidario.\u00a0<\/p>\n<p style=\"margin: 12pt 0cm; text-align: justify; background-image: initial; background-position: initial; background-size: initial; background-repeat: initial; background-attachment: initial; background-origin: initial; background-clip: initial;\"><span style=\"font-size: 10.5pt;\">\u00a0<\/span><\/p>\n<\/div>\n<\/div>\n<\/div>\n<\/div>\n<\/div>\n<\/section>\n<\/div>\n<\/div>\n<\/div>\n<\/div>\n<\/div>\n<\/section>\n<\/div>\n<\/div>\n<\/div>\n<\/div>\n<\/div>\n<\/section>\n<p>[\/kc_column_text][\/kc_column][\/kc_row]<\/p>","protected":false},"excerpt":{"rendered":"<p>[kc_row use_container=\"yes\" force=\"no\" column_align=\"middle\" video_mute=\"no\" _id=\"670928\"][kc_column width=\"12\/12\" video_mute=\"no\" _id=\"303056\"][kc_column_text _id=\"780490\"] Mayra Torres, una mujer que mientras construye su propia historia, crea caminos de transformaci\u00f3n para otros. Mayra form\u00f3 parte de la Promoci\u00f3n 2015 del Diplomado en Liderazgo y Colaboraci\u00f3n, en aquel a\u00f1o ella trabajaba como Psic\u00f3loga en el \u00e1rea de Salud Mental en Asociaci\u00f3n Obras [&hellip;]<\/p>","protected":false},"author":3,"featured_media":4514,"comment_status":"open","ping_status":"open","sticky":false,"template":"","format":"standard","meta":{"_acf_changed":false,"footnotes":""},"categories":[18],"tags":[],"class_list":["post-4510","post","type-post","status-publish","format-standard","has-post-thumbnail","hentry","category-blog-2"],"acf":[],"_links":{"self":[{"href":"https:\/\/www.circulaguatemala.org\/en\/wp-json\/wp\/v2\/posts\/4510"}],"collection":[{"href":"https:\/\/www.circulaguatemala.org\/en\/wp-json\/wp\/v2\/posts"}],"about":[{"href":"https:\/\/www.circulaguatemala.org\/en\/wp-json\/wp\/v2\/types\/post"}],"author":[{"embeddable":true,"href":"https:\/\/www.circulaguatemala.org\/en\/wp-json\/wp\/v2\/users\/3"}],"replies":[{"embeddable":true,"href":"https:\/\/www.circulaguatemala.org\/en\/wp-json\/wp\/v2\/comments?post=4510"}],"version-history":[{"count":0,"href":"https:\/\/www.circulaguatemala.org\/en\/wp-json\/wp\/v2\/posts\/4510\/revisions"}],"wp:featuredmedia":[{"embeddable":true,"href":"https:\/\/www.circulaguatemala.org\/en\/wp-json\/wp\/v2\/media\/4514"}],"wp:attachment":[{"href":"https:\/\/www.circulaguatemala.org\/en\/wp-json\/wp\/v2\/media?parent=4510"}],"wp:term":[{"taxonomy":"category","embeddable":true,"href":"https:\/\/www.circulaguatemala.org\/en\/wp-json\/wp\/v2\/categories?post=4510"},{"taxonomy":"post_tag","embeddable":true,"href":"https:\/\/www.circulaguatemala.org\/en\/wp-json\/wp\/v2\/tags?post=4510"}],"curies":[{"name":"wp","href":"https:\/\/api.w.org\/{rel}","templated":true}]}}