{"id":4591,"date":"2019-09-06T16:49:17","date_gmt":"2019-09-06T16:49:17","guid":{"rendered":"http:\/\/liderazgoguatemala.org\/?p=4591"},"modified":"2019-09-06T16:49:17","modified_gmt":"2019-09-06T16:49:17","slug":"las-noticias-del-junio-julio-y-agosto","status":"publish","type":"post","link":"https:\/\/www.circulaguatemala.org\/en\/las-noticias-del-junio-julio-y-agosto\/","title":{"rendered":"Las noticias del junio, julio y agosto"},"content":{"rendered":"<p><b>Colaboraciones destacadas de agosto de 2019<\/b><\/p>\n<p><i><span style=\"font-weight: 400;\">Fe en Pr\u00e1ctica<\/span><\/i><\/p>\n<p><span style=\"font-weight: 400;\">Todos los lunes durante el mes de agosto, nuestro equipo ha estado trabajando con un equipo de Fe en Pr\u00e1ctica, una organizaci\u00f3n que facilita la visita de equipos de misiones m\u00e9dicas a comunidades en toda Guatemala. El prop\u00f3sito de estas reuniones es trabajar a trav\u00e9s de un programa de desarrollo de liderazgo espec\u00edficamente dise\u00f1ado para los l\u00edderes de Fe en Pr\u00e1ctica en Guatemala.<\/span><\/p>\n<p>&nbsp;<\/p>\n<p><i><span style=\"font-weight: 400;\">Fundaci\u00f3n Strachan<\/span><\/i><\/p>\n<p><span style=\"font-weight: 400;\">Por segundo a\u00f1o consecutivo, ALG ha participado en el Seminario anual de la Fundaci\u00f3n Strachan no solo como invitada, sino tambi\u00e9n para facilitar. El Seminario de Strachan alberga a 60 organizaciones de toda Centroam\u00e9rica y este a\u00f1o fuimos invitados a impartir una sesi\u00f3n sobre Teor\u00eda U y Resiliencia en Educaci\u00f3n para la Cuarta Revoluci\u00f3n Industrial, as\u00ed como co-facilitar una sesi\u00f3n sobre Liderazgo Regenerativo.<\/span><\/p>\n<p>&nbsp;<\/p>\n<p><i><span style=\"font-weight: 400;\">Dr. Rochelle Arms Almengor<\/span><\/i><\/p>\n<p><span style=\"font-weight: 400;\">A principios del mes de agosto, una colaboraci\u00f3n que ha estado en proceso durante alg\u00fan tiempo comenz\u00f3 oficialmente con una visita a Antigua de la Dra. Rochelle Arms Almengor, profesora, investigadora y practicante de Justicia Restaurativa. La Dra. Arms Almengor es profesora en el John Jay College of Criminal Justice en la ciudad de Nueva York, donde tambi\u00e9n es Co-Directora del Centro de Resoluci\u00f3n de Disputas. Su visita comienza con lo que esperamos sea un proyecto de investigaci\u00f3n de varios a\u00f1os sobre Justicia Restaurativa y se use en toda Am\u00e9rica.<\/span><\/p>\n<p><img loading=\"lazy\" decoding=\"async\" class=\"aligncenter wp-image-4592 size-large\" src=\"http:\/\/circulaguatemala.org\/wp-content\/uploads\/2019\/09\/MG_0340-1024x683.jpg\" alt=\"\" width=\"1024\" height=\"683\" \/><\/p>\n<p>&nbsp;<\/p>\n<p><i><span style=\"font-weight: 400;\">Points of You<\/span><\/i><\/p>\n<p><span style=\"font-weight: 400;\">La organizaci\u00f3n Evolution 180 ofreci\u00f3 amablemente un entrenamiento en Points of You a cuarenta miembros de nuestra red de l\u00edderes a bajo costo porque creen en la misi\u00f3n de nuestro trabajo. Este es el primero de los tres entrenamientos que han ofrecido a nuestra comunidad y esperamos equipar a tantos l\u00edderes de nuestra red con estas habilidades como sea posible.<\/span><\/p>\n<p>&nbsp;<\/p>\n<p><i><span style=\"font-weight: 400;\">Segunda Conferencia Nacional de Educadores para la Paz<\/span><\/i><\/p>\n<p><span style=\"font-weight: 400;\">Gersom Gamboa, graduado del Certificado de Liderazgo en Colaboraci\u00f3n de ALG y organizador de la Conferencia Nacional de Educadores para la Paz, nos invit\u00f3 a impartir una sesi\u00f3n sobre \"El autocuidado y el plan de vida de un maestro y su impacto en el sistema educativo\". No solo eso, sino que Gersom extendi\u00f3 tres becas completas que incluyen alojamiento y comida a tres l\u00edderes de la red ALG para asistir a la conferencia, a continuaci\u00f3n mostramos la foto con Flor Garc\u00eda, nuestra Directora Ejecutiva.<\/span><\/p>\n<p>&nbsp;<\/p>\n<p><b>Noticias Institucionales<\/b><\/p>\n<p><i><span style=\"font-weight: 400;\">\u00a1Bienvenido a la Junta, Estela Joc\u00f3n!<\/span><\/i><\/p>\n<p><img loading=\"lazy\" decoding=\"async\" class=\"wp-image-4593 size-medium alignright\" src=\"http:\/\/circulaguatemala.org\/wp-content\/uploads\/2019\/09\/WhatsApp-Image-2019-08-26-at-4.21.05-PM1-179x300.jpeg\" alt=\"\" width=\"179\" height=\"300\" srcset=\"https:\/\/www.circulaguatemala.org\/wp-content\/uploads\/2019\/09\/WhatsApp-Image-2019-08-26-at-4.21.05-PM1-179x300.jpeg 179w, https:\/\/www.circulaguatemala.org\/wp-content\/uploads\/2019\/09\/WhatsApp-Image-2019-08-26-at-4.21.05-PM1-610x1024.jpeg 610w, https:\/\/www.circulaguatemala.org\/wp-content\/uploads\/2019\/09\/WhatsApp-Image-2019-08-26-at-4.21.05-PM1-7x12.jpeg 7w, https:\/\/www.circulaguatemala.org\/wp-content\/uploads\/2019\/09\/WhatsApp-Image-2019-08-26-at-4.21.05-PM1.jpeg 763w\" sizes=\"(max-width: 179px) 100vw, 179px\" \/><\/p>\n<p><span style=\"font-weight: 400;\">Este a\u00f1o, la Junta Directiva de ALG le da la bienvenida a Estela Joc\u00f3n, trabajadora social y Maya Kaqchikel - Poqomam. Estela llega a la junta con una extensa carrera en direcci\u00f3n de programas y liderazgo comunitario. Estamos emocionados de tener su voz en la Junta Directiva, apoyando a\u00a0<\/span><\/p>\n<p><span style=\"font-weight: 400;\">proteger la misi\u00f3n de ALG y llevarnos a donde queremos ir. A continuaci\u00f3n, se muestra a Estela firmando el documento que formaliza su nombramiento.<\/span><\/p>","protected":false},"excerpt":{"rendered":"<p>Colaboraciones destacadas de agosto de 2019 Fe en Pr\u00e1ctica Todos los lunes durante el mes de agosto, nuestro equipo ha estado trabajando con un equipo de Fe en Pr\u00e1ctica, una organizaci\u00f3n que facilita la visita de equipos de misiones m\u00e9dicas a comunidades en toda Guatemala. El prop\u00f3sito de estas reuniones es trabajar a trav\u00e9s de [&hellip;]<\/p>","protected":false},"author":3,"featured_media":6180,"comment_status":"open","ping_status":"open","sticky":false,"template":"","format":"standard","meta":{"_acf_changed":false,"footnotes":""},"categories":[18,21],"tags":[],"class_list":["post-4591","post","type-post","status-publish","format-standard","has-post-thumbnail","hentry","category-blog-2","category-noticias"],"acf":[],"_links":{"self":[{"href":"https:\/\/www.circulaguatemala.org\/en\/wp-json\/wp\/v2\/posts\/4591"}],"collection":[{"href":"https:\/\/www.circulaguatemala.org\/en\/wp-json\/wp\/v2\/posts"}],"about":[{"href":"https:\/\/www.circulaguatemala.org\/en\/wp-json\/wp\/v2\/types\/post"}],"author":[{"embeddable":true,"href":"https:\/\/www.circulaguatemala.org\/en\/wp-json\/wp\/v2\/users\/3"}],"replies":[{"embeddable":true,"href":"https:\/\/www.circulaguatemala.org\/en\/wp-json\/wp\/v2\/comments?post=4591"}],"version-history":[{"count":0,"href":"https:\/\/www.circulaguatemala.org\/en\/wp-json\/wp\/v2\/posts\/4591\/revisions"}],"wp:featuredmedia":[{"embeddable":true,"href":"https:\/\/www.circulaguatemala.org\/en\/wp-json\/wp\/v2\/media\/6180"}],"wp:attachment":[{"href":"https:\/\/www.circulaguatemala.org\/en\/wp-json\/wp\/v2\/media?parent=4591"}],"wp:term":[{"taxonomy":"category","embeddable":true,"href":"https:\/\/www.circulaguatemala.org\/en\/wp-json\/wp\/v2\/categories?post=4591"},{"taxonomy":"post_tag","embeddable":true,"href":"https:\/\/www.circulaguatemala.org\/en\/wp-json\/wp\/v2\/tags?post=4591"}],"curies":[{"name":"wp","href":"https:\/\/api.w.org\/{rel}","templated":true}]}}