{"id":4605,"date":"2019-09-23T14:51:25","date_gmt":"2019-09-23T14:51:25","guid":{"rendered":"http:\/\/liderazgoguatemala.org\/?p=4605"},"modified":"2019-09-23T14:51:25","modified_gmt":"2019-09-23T14:51:25","slug":"gersom-gamboa-y-la-nueva-generacion-de-liderazgo-en-guatemala","status":"publish","type":"post","link":"https:\/\/www.circulaguatemala.org\/en\/gersom-gamboa-y-la-nueva-generacion-de-liderazgo-en-guatemala\/","title":{"rendered":"Gersom Gamboa y la Nueva Generaci\u00f3n de Liderazgo en Guatemala"},"content":{"rendered":"<p><span style=\"font-weight: 400;\">Comenc\u00e9 la entrevista con Gersom Gamboa pregunt\u00e1ndole cu\u00e1ndo se identific\u00f3 por primera vez como l\u00edder. Despu\u00e9s de una pausa, se ri\u00f3 y dijo\u00a0 \"nunca\". \"Nunca asum\u00ed una posici\u00f3n como l\u00edder, fue un proceso natural. En 2011 tuve que definir mi prop\u00f3sito de vida y fue entonces cuando fund\u00e9 DiverArte, que es una organizaci\u00f3n que abre espacios para que las personas se expresen a trav\u00e9s del arte. Fue entonces cuando las personas y las organizaciones comenzaron a identificarme como l\u00edder \".<\/span><\/p>\n<p><span style=\"font-weight: 400;\">Gersom es el tipo de persona que puedes sentir al entrar en una habitaci\u00f3n sin antes haberlo visto . \u00c9l irradia alegr\u00eda y amabilidad y lo sientes a su alrededor incluso, si nunca lo has conocido antes. Su voz es ligera y acogedora y su rostro muestra una sonrisa casi constante, incluso cuando habla de las dificultades por las que ha pasado. Es alguien a quien siempre deseas alrededor y ha colaborado como un miembro invaluable de la comunidad ALG.<\/span><\/p>\n<p><span style=\"font-weight: 400;\">En una naci\u00f3n como Guatemala en la que las oportunidades son limitadas y los j\u00f3venes son colocados constantemente en situaciones de desigualdad, expuestos a la violencia y a contextos de vulnerabilidad, que les limitan su desarrollo, los l\u00edderes o -referentes-, como lo llamar\u00eda Gersom, son realmente dif\u00edciles de encontrar.\u00a0<\/span><\/p>\n<p><img loading=\"lazy\" decoding=\"async\" class=\"aligncenter size-full wp-image-4609\" src=\"https:\/\/circulaguatemala.org\/wp-content\/uploads\/2019\/09\/21462302_1656205004424025_4894763827657570622_n.jpg\" alt=\"\" width=\"750\" height=\"740\" srcset=\"https:\/\/www.circulaguatemala.org\/wp-content\/uploads\/2019\/09\/21462302_1656205004424025_4894763827657570622_n.jpg 750w, https:\/\/www.circulaguatemala.org\/wp-content\/uploads\/2019\/09\/21462302_1656205004424025_4894763827657570622_n-300x296.jpg 300w, https:\/\/www.circulaguatemala.org\/wp-content\/uploads\/2019\/09\/21462302_1656205004424025_4894763827657570622_n-12x12.jpg 12w\" sizes=\"(max-width: 750px) 100vw, 750px\" \/><\/p>\n<p><span style=\"font-weight: 400;\">\"En realidad, pienso que se debe hacer una redefinici\u00f3n y resignificar el liderazgo en Guatemala, probablemente est\u00e1 vinculada con los a\u00f1os de memoria que preceden a los pueblos y los innumerables referentes de historia y tradici\u00f3n que se mantienen en las comunidades, o bien, est\u00e9 en los nuevos matices de emprendimiento. Lo que es verdad, es que las nuevas generaciones deben asumir un liderazgo. No soy un l\u00edder de una comunidad, es m\u00e1s, estoy tratando de ser un ejemplo en el que la gente est\u00e9 interesada, les guste y se sientan atra\u00eddos y luego podemos crear nuevos modelos de convivencia en el pais... ... No creo que la gente piense 'Gersom Gamboa es el l\u00edder de la Educaci\u00f3n para la Paz' y no espero que lo hagan \u201d.<\/span><\/p>\n<p><span style=\"font-weight: 400;\">El Congreso Nacional de Educaci\u00f3n para la Paz es un congreso nacional que Gersom co-fund\u00f3. Cada a\u00f1o, la conferencia re\u00fane a defensores de j\u00f3venes, educadores y emprendedores sociales que ofrecen sus habilidades y conocimientos a los invitados de la conferencia, con la esperanza de que el conocimiento compartido traer\u00e1 un gran cambio para la juventud de Guatemala. Es un proyecto que ejecuta adem\u00e1s de su trabajo con DiverArte y una consultor\u00eda personal que dirige, en el que ofrece talleres con una variedad de habilidades.<\/span><\/p>\n<p><span style=\"font-weight: 400;\">Gersom comparte que ser parte de la comunidad de ALG \"ha sido realmente importante, \u201cser parte de esta red ofrece muchas oportunidades... Muchas personas en la red hacen cosas extremadamente importantes, grandes cosas en defensa de las personas, del medio ambiente, del territorio ... Me encant\u00f3 aprender sobre el pasado y el presente de las otras personas en mi generaci\u00f3n. De las habilidades adquiridas, [el diplomado] me ayud\u00f3 a organizarme enormemente para poder definirme como coordinador o director de la organizaci\u00f3n ... y al ordenarme a m\u00ed mismo, tambi\u00e9n me estaba construyendo... y encontrando prop\u00f3sito de DiverArte \u201d.<\/span><\/p>\n<p><span style=\"font-weight: 400;\">Nuestra conversaci\u00f3n fue larga, y hay mucho m\u00e1s que podr\u00eda compartir sobre Gersom y el fenomenal trabajo que est\u00e1 haciendo, pero creo que es mejor si se lo preguntes t\u00fa mismo. Siga los proyectos de Gersom en Facebook @DiverArteGuatemala<\/span><\/p>","protected":false},"excerpt":{"rendered":"<p>Comenc\u00e9 la entrevista con Gersom Gamboa pregunt\u00e1ndole cu\u00e1ndo se identific\u00f3 por primera vez como l\u00edder. Despu\u00e9s de una pausa, se ri\u00f3 y dijo\u00a0 \"nunca\". \"Nunca asum\u00ed una posici\u00f3n como l\u00edder, fue un proceso natural. En 2011 tuve que definir mi prop\u00f3sito de vida y fue entonces cuando fund\u00e9 DiverArte, que es una organizaci\u00f3n que abre [&hellip;]<\/p>","protected":false},"author":3,"featured_media":0,"comment_status":"open","ping_status":"open","sticky":false,"template":"","format":"standard","meta":{"_acf_changed":false,"footnotes":""},"categories":[18],"tags":[20],"class_list":["post-4605","post","type-post","status-publish","format-standard","hentry","category-blog-2","tag-liderazgo"],"acf":[],"_links":{"self":[{"href":"https:\/\/www.circulaguatemala.org\/en\/wp-json\/wp\/v2\/posts\/4605"}],"collection":[{"href":"https:\/\/www.circulaguatemala.org\/en\/wp-json\/wp\/v2\/posts"}],"about":[{"href":"https:\/\/www.circulaguatemala.org\/en\/wp-json\/wp\/v2\/types\/post"}],"author":[{"embeddable":true,"href":"https:\/\/www.circulaguatemala.org\/en\/wp-json\/wp\/v2\/users\/3"}],"replies":[{"embeddable":true,"href":"https:\/\/www.circulaguatemala.org\/en\/wp-json\/wp\/v2\/comments?post=4605"}],"version-history":[{"count":0,"href":"https:\/\/www.circulaguatemala.org\/en\/wp-json\/wp\/v2\/posts\/4605\/revisions"}],"wp:attachment":[{"href":"https:\/\/www.circulaguatemala.org\/en\/wp-json\/wp\/v2\/media?parent=4605"}],"wp:term":[{"taxonomy":"category","embeddable":true,"href":"https:\/\/www.circulaguatemala.org\/en\/wp-json\/wp\/v2\/categories?post=4605"},{"taxonomy":"post_tag","embeddable":true,"href":"https:\/\/www.circulaguatemala.org\/en\/wp-json\/wp\/v2\/tags?post=4605"}],"curies":[{"name":"wp","href":"https:\/\/api.w.org\/{rel}","templated":true}]}}