{"id":4620,"date":"2019-10-07T17:01:38","date_gmt":"2019-10-07T17:01:38","guid":{"rendered":"http:\/\/liderazgoguatemala.org\/?p=4620"},"modified":"2019-10-07T17:01:38","modified_gmt":"2019-10-07T17:01:38","slug":"los-egresados-del-mes-septiembre","status":"publish","type":"post","link":"https:\/\/www.circulaguatemala.org\/en\/los-egresados-del-mes-septiembre\/","title":{"rendered":"Los Egresados del Mes Septiembre"},"content":{"rendered":"<p><em>En el mes de septiembre hicimos mucho para promover nuestra misi\u00f3n. Aqu\u00ed abajo puedes ver nuestras actividades del mes pasado.<\/em><\/p>\n<p><strong>Graduaci\u00f3n<\/strong><br \/>\n\u00a1Felicitaciones a los graduandos del Diplomado en Liderazgo y Colaboraci\u00f3n, cohorte 2019! Este a\u00f1o graduamos a 32 l\u00edderes que representan 12 partes diferentes de Guatemala y El Salvador. Se unen a una red de m\u00e1s de 120 l\u00edderes.<\/p>\n<p><img loading=\"lazy\" decoding=\"async\" class=\"aligncenter  wp-image-4621\" src=\"https:\/\/circulaguatemala.org\/wp-content\/uploads\/2019\/10\/70336111_2405326533121683_3266033216531726336_o.jpg\" alt=\"\" width=\"775\" height=\"775\" srcset=\"https:\/\/www.circulaguatemala.org\/wp-content\/uploads\/2019\/10\/70336111_2405326533121683_3266033216531726336_o.jpg 1080w, https:\/\/www.circulaguatemala.org\/wp-content\/uploads\/2019\/10\/70336111_2405326533121683_3266033216531726336_o-300x300.jpg 300w, https:\/\/www.circulaguatemala.org\/wp-content\/uploads\/2019\/10\/70336111_2405326533121683_3266033216531726336_o-1024x1024.jpg 1024w, https:\/\/www.circulaguatemala.org\/wp-content\/uploads\/2019\/10\/70336111_2405326533121683_3266033216531726336_o-150x150.jpg 150w, https:\/\/www.circulaguatemala.org\/wp-content\/uploads\/2019\/10\/70336111_2405326533121683_3266033216531726336_o-768x768.jpg 768w, https:\/\/www.circulaguatemala.org\/wp-content\/uploads\/2019\/10\/70336111_2405326533121683_3266033216531726336_o-12x12.jpg 12w\" sizes=\"(max-width: 775px) 100vw, 775px\" \/><\/p>\n<p><strong>Panam\u00e1<\/strong><br \/>\nA principios del mes de septiembre, Flor fue a Panam\u00e1 a pedido de la Fundaci\u00f3n Amaneceres para ofrecer facilitaci\u00f3n en una pr\u00e1ctica restaurativa informal, as\u00ed como para facilitar un taller sobre una tecnolog\u00eda social del Art of Hosting llamada Reestructuraci\u00f3n Estrat\u00e9gica. Durante este viaje, pudo visitar tres ONG locales que est\u00e1n interesadas en participar en nuestros programas. Ella fue en colaboraci\u00f3n con Miguel Tello de la fundaci\u00f3n Strachan y dej\u00f3 a Panam\u00e1 con nuevas y emocionantes ideas y maravillosos nuevos miembros de la red.<\/p>\n<p><strong>SERES<\/strong><br \/>\nEn septiembre, los miembros del equipo Bekah y Lucy facilitaron cuatro sesiones de capacitaci\u00f3n en Pr\u00e1cticas Restaurativas para un grupo de l\u00edderes comunitarios en los albergues para las personas desplazadas por la erupci\u00f3n mortal del Volc\u00e1n Fuego en junio de 2018. Los participantes de la capacitaci\u00f3n estaban ansiosos por comenzar a implementar esta pr\u00e1ctica, primero dentro de sus propias familias y luego dentro de sus comunidades en general en un esfuerzo por cambiar el paradigma de la comunidad de punitiva a restaurativa. Este proyecto fue posible gracias a la colaboraci\u00f3n entre ALG y SERES, una organizaci\u00f3n que trabaja principalmente con los j\u00f3venes de esa \u00e1rea, pero tambi\u00e9n con los l\u00edderes de la comunidad, para crear un cambio.<\/p>\n<p><strong>Entrenamiento IIRP<\/strong><br \/>\nA finales de este mes, el equipo de ALG, en colaboraci\u00f3n con el miembro de la facultad Roberto Tun, dirigi\u00f3 una capacitaci\u00f3n para 22 personas. En los dos d\u00edas, los participantes conocieron los conceptos b\u00e1sicos de las Pr\u00e1cticas Restaurativas, facilitaron los c\u00edrculos de conversaci\u00f3n y entregaron certificados reconocidos por el Instituto Internacional de Pr\u00e1cticas Restaurativas. Siempre estamos encantados de lanzar nuevos practicantes al mundo: \u00a1m\u00e1s practicantes, m\u00e1s paz!<\/p>\n<p><img loading=\"lazy\" decoding=\"async\" class=\"aligncenter  wp-image-4624\" src=\"https:\/\/circulaguatemala.org\/wp-content\/uploads\/2019\/10\/WhatsApp-Image-2019-10-02-at-10.43.42-AM.jpeg\" alt=\"\" width=\"722\" height=\"406\" srcset=\"https:\/\/www.circulaguatemala.org\/wp-content\/uploads\/2019\/10\/WhatsApp-Image-2019-10-02-at-10.43.42-AM.jpeg 1280w, https:\/\/www.circulaguatemala.org\/wp-content\/uploads\/2019\/10\/WhatsApp-Image-2019-10-02-at-10.43.42-AM-300x169.jpeg 300w, https:\/\/www.circulaguatemala.org\/wp-content\/uploads\/2019\/10\/WhatsApp-Image-2019-10-02-at-10.43.42-AM-1024x576.jpeg 1024w, https:\/\/www.circulaguatemala.org\/wp-content\/uploads\/2019\/10\/WhatsApp-Image-2019-10-02-at-10.43.42-AM-768x432.jpeg 768w, https:\/\/www.circulaguatemala.org\/wp-content\/uploads\/2019\/10\/WhatsApp-Image-2019-10-02-at-10.43.42-AM-18x10.jpeg 18w\" sizes=\"(max-width: 722px) 100vw, 722px\" \/><\/p>\n<p><strong>Miki Kashtan<\/strong><br \/>\nDurante una semana en septiembre, Bekah particip\u00f3 en un retiro dirigido por Miki Kashtan. El enfoque del retiro fue la Comunicaci\u00f3n No Violenta, y cont\u00f3 con presentaciones de personas de toda Am\u00e9rica Central que est\u00e1n trabajando en la comunicaci\u00f3n no violenta o en la construcci\u00f3n de la paz. Durante la semana, Bekah tuvo la oportunidad de ofrecer un taller sobre liderazgo y facilitaci\u00f3n y muchas oportunidades para aprender cosas nuevas que mejorar\u00e1n los programas que ofrecemos.<\/p>","protected":false},"excerpt":{"rendered":"<p>En el mes de septiembre hicimos mucho para promover nuestra misi\u00f3n. Aqu\u00ed abajo puedes ver nuestras actividades del mes pasado. Graduaci\u00f3n \u00a1Felicitaciones a los graduandos del Diplomado en Liderazgo y Colaboraci\u00f3n, cohorte 2019! Este a\u00f1o graduamos a 32 l\u00edderes que representan 12 partes diferentes de Guatemala y El Salvador. Se unen a una red de [&hellip;]<\/p>","protected":false},"author":3,"featured_media":4624,"comment_status":"open","ping_status":"open","sticky":false,"template":"","format":"standard","meta":{"_acf_changed":false,"footnotes":""},"categories":[18,21],"tags":[],"class_list":["post-4620","post","type-post","status-publish","format-standard","has-post-thumbnail","hentry","category-blog-2","category-noticias"],"acf":[],"_links":{"self":[{"href":"https:\/\/www.circulaguatemala.org\/en\/wp-json\/wp\/v2\/posts\/4620"}],"collection":[{"href":"https:\/\/www.circulaguatemala.org\/en\/wp-json\/wp\/v2\/posts"}],"about":[{"href":"https:\/\/www.circulaguatemala.org\/en\/wp-json\/wp\/v2\/types\/post"}],"author":[{"embeddable":true,"href":"https:\/\/www.circulaguatemala.org\/en\/wp-json\/wp\/v2\/users\/3"}],"replies":[{"embeddable":true,"href":"https:\/\/www.circulaguatemala.org\/en\/wp-json\/wp\/v2\/comments?post=4620"}],"version-history":[{"count":0,"href":"https:\/\/www.circulaguatemala.org\/en\/wp-json\/wp\/v2\/posts\/4620\/revisions"}],"wp:featuredmedia":[{"embeddable":true,"href":"https:\/\/www.circulaguatemala.org\/en\/wp-json\/wp\/v2\/media\/4624"}],"wp:attachment":[{"href":"https:\/\/www.circulaguatemala.org\/en\/wp-json\/wp\/v2\/media?parent=4620"}],"wp:term":[{"taxonomy":"category","embeddable":true,"href":"https:\/\/www.circulaguatemala.org\/en\/wp-json\/wp\/v2\/categories?post=4620"},{"taxonomy":"post_tag","embeddable":true,"href":"https:\/\/www.circulaguatemala.org\/en\/wp-json\/wp\/v2\/tags?post=4620"}],"curies":[{"name":"wp","href":"https:\/\/api.w.org\/{rel}","templated":true}]}}