{"id":4628,"date":"2019-10-14T20:43:12","date_gmt":"2019-10-14T20:43:12","guid":{"rendered":"http:\/\/liderazgoguatemala.org\/?p=4628"},"modified":"2019-10-14T20:43:12","modified_gmt":"2019-10-14T20:43:12","slug":"liderazgo-y-el-poder-al-dentro-de-tos-para-cambiar-el-mundo","status":"publish","type":"post","link":"https:\/\/www.circulaguatemala.org\/en\/liderazgo-y-el-poder-al-dentro-de-tos-para-cambiar-el-mundo\/","title":{"rendered":"Liderazgo y el poder al dentro de to@s para cambiar el mundo"},"content":{"rendered":"<p><i><span style=\"font-weight: 400;\">\u201cYo creo definitivamente que s\u00ed podemos hacer un cambio en nuestra sociedad.\u201d\u00a0<\/span><\/i><\/p>\n<p><span style=\"font-weight: 400;\">Laura Rodriguez es consultora independiente que trabaja espec\u00edficamente con mujeres y j\u00f3venes en el apoyo de empoderamiento y participaci\u00f3n pol\u00edtica y ciudadana tanto con las mujeres como los j\u00f3venes. Adem\u00e1s, ella es la coordinadora general voluntaria de una ONG en El Salvador que apoya el empoderamiento y participaci\u00f3n pol\u00edtica y ciudadana de j\u00f3venes, en prevenci\u00f3n de violencia y la promoci\u00f3n de una cultura de paz. Para decirlo en forma m\u00e1s sencilla, su trabajo es decir a j\u00f3venes y mujeres <\/span><i><span style=\"font-weight: 400;\">\u201cque tienen muchas opciones en su vida.\u201d<\/span><\/i><span style=\"font-weight: 400;\"> Aparte de pandillas, de tr\u00e1fico de drogas, de embarazos a temprana edad.\u00a0<\/span><\/p>\n<p><span style=\"font-weight: 400;\">Cuando habl\u00e9 con Laura, hablamos mucho sobre liderazgo y posibilidad, porque para ella, no es posible separar liderazgo con la posibilidad del cambio en el mundo. Todos tenemos la posibilidad de ser un l\u00edder para bien, y si estamos liderando para el bien, el mundo va a mejorar para todos. Cuando pregunt\u00e9 qu\u00e9 significa ser l\u00edder para ella, me da un definici\u00f3n muy bonita y muy importante. Liderazgo, es sus palabras, tiene un definici\u00f3n muy larga pero muy sensible. Primero, <\/span><i><span style=\"font-weight: 400;\">\u201cel l\u00edder no es la persona al frente dirigiendo las actividades o acciones, es la persona que est\u00e1 a la par de la gente construyendo al diario acciones espec\u00edficas que permiten un cambio social.\u201d<\/span><\/i><span style=\"font-weight: 400;\"> Significa <\/span><i><span style=\"font-weight: 400;\">\u201ctener la humildad suficiente para comprender que no lo sabemos ni lo podemos hacer todo y por tanto tenemos la capacidad de delegar responsabilidades y acompa\u00f1ar las personas en esas responsabilidades tambi\u00e9n.\u201d<\/span><\/i><span style=\"font-weight: 400;\"> Significa empat\u00eda, acompa\u00f1amiento, escuchar, amor, colaboraci\u00f3n, trabajo en equipo. Ser l\u00edder no implica, <\/span><i><span style=\"font-weight: 400;\">\u201cque las dem\u00e1s personas necesariamente siguen una indicaci\u00f3n tuya sino que tambi\u00e9n las personas son capaces de poder darte surgencias de tu camino.\u201d<\/span><\/i><span style=\"font-weight: 400;\"> Si podemos ser l\u00edderes as\u00ed vamos a cambiar el mundo.<\/span><\/p>\n<p><span style=\"font-weight: 400;\">En un pa\u00eds como El Salvador, no es f\u00e1cil seguir siendo inspirado y motivado. El pa\u00eds tiene, como la mayor\u00eda de pa\u00edses en Centroam\u00e9rica, muchos problemas. Gobierno ausente, pandillas poderosas y peligrosas y narcotraficantes. Entonces, qu\u00e9 la inspira a ella? <\/span><i><span style=\"font-weight: 400;\">\u00a0\u201cMe inspira una sociedad mejor.\u201d<\/span><\/i><span style=\"font-weight: 400;\"> Para esa sociedad mejor, ella trabaja con j\u00f3venes y mujeres, para empoderar y involucrarnos en la vida pol\u00edtica y ciudadana. Para esta sociedad mejor, ella trabaja como una l\u00edder acompa\u00f1ante, que est\u00e1 siempre a la par de la gente, escuchando. Para esa sociedad mejor, ella particip\u00f3 en el diplomado de Asociaci\u00f3n para el Liderazgo en Guatemala, ALG en donde aprendi\u00f3 c\u00f3mo liderar desde adentro. <\/span><i><span style=\"font-weight: 400;\">\u201cHay un antes y un despu\u00e9s de m\u00ed. Antes de ALG estaba liderando desde afuera y me quedaba vac\u00eda. ALG me ense\u00f1a a no quedarme vac\u00eda\u2026 [Despu\u00e9s] soy una persona diferente, m\u00e1s emp\u00e1tica, m\u00e1s amorosa para m\u00ed misma\u2026 Soy una mejor persona, mejor profesional.\u201d <\/span><\/i><span style=\"font-weight: 400;\">Una persona que, sin duda, est\u00e1 haciendo grandes cambios en el mundo, no solo en su estilo de liderar, sino en su estilo de ser y de hacer. Yo pregunt\u00e9 a ella s\u00ed podr\u00eda decir algo a cada persona en el mundo, que diri\u00e1 y ella me dijo sin pensar un segundo, <\/span><i><span style=\"font-weight: 400;\">\u201ccrea en s\u00ed mismo, crea con mucho amor y mucha esperanza porque el cambio est\u00e1 en cada uno de nosotros y nosotras.\u201d<\/span><\/i><\/p>\n<p>&nbsp;<\/p>","protected":false},"excerpt":{"rendered":"<p>\u201cYo creo definitivamente que s\u00ed podemos hacer un cambio en nuestra sociedad.\u201d\u00a0 Laura Rodriguez es consultora independiente que trabaja espec\u00edficamente con mujeres y j\u00f3venes en el apoyo de empoderamiento y participaci\u00f3n pol\u00edtica y ciudadana tanto con las mujeres como los j\u00f3venes. Adem\u00e1s, ella es la coordinadora general voluntaria de una ONG en El Salvador que [&hellip;]<\/p>","protected":false},"author":3,"featured_media":4630,"comment_status":"open","ping_status":"open","sticky":false,"template":"","format":"standard","meta":{"_acf_changed":false,"footnotes":""},"categories":[18],"tags":[20],"class_list":["post-4628","post","type-post","status-publish","format-standard","has-post-thumbnail","hentry","category-blog-2","tag-liderazgo"],"acf":[],"_links":{"self":[{"href":"https:\/\/www.circulaguatemala.org\/en\/wp-json\/wp\/v2\/posts\/4628"}],"collection":[{"href":"https:\/\/www.circulaguatemala.org\/en\/wp-json\/wp\/v2\/posts"}],"about":[{"href":"https:\/\/www.circulaguatemala.org\/en\/wp-json\/wp\/v2\/types\/post"}],"author":[{"embeddable":true,"href":"https:\/\/www.circulaguatemala.org\/en\/wp-json\/wp\/v2\/users\/3"}],"replies":[{"embeddable":true,"href":"https:\/\/www.circulaguatemala.org\/en\/wp-json\/wp\/v2\/comments?post=4628"}],"version-history":[{"count":0,"href":"https:\/\/www.circulaguatemala.org\/en\/wp-json\/wp\/v2\/posts\/4628\/revisions"}],"wp:featuredmedia":[{"embeddable":true,"href":"https:\/\/www.circulaguatemala.org\/en\/wp-json\/wp\/v2\/media\/4630"}],"wp:attachment":[{"href":"https:\/\/www.circulaguatemala.org\/en\/wp-json\/wp\/v2\/media?parent=4628"}],"wp:term":[{"taxonomy":"category","embeddable":true,"href":"https:\/\/www.circulaguatemala.org\/en\/wp-json\/wp\/v2\/categories?post=4628"},{"taxonomy":"post_tag","embeddable":true,"href":"https:\/\/www.circulaguatemala.org\/en\/wp-json\/wp\/v2\/tags?post=4628"}],"curies":[{"name":"wp","href":"https:\/\/api.w.org\/{rel}","templated":true}]}}