{"id":4907,"date":"2020-07-31T18:25:09","date_gmt":"2020-07-31T18:25:09","guid":{"rendered":"http:\/\/liderazgoguatemala.org\/?p=4907"},"modified":"2020-07-31T18:25:09","modified_gmt":"2020-07-31T18:25:09","slug":"de-lo-presencial-a-lo-virtual-nuestra-experiencia-desde-el-diplomado","status":"publish","type":"post","link":"https:\/\/www.circulaguatemala.org\/en\/de-lo-presencial-a-lo-virtual-nuestra-experiencia-desde-el-diplomado\/","title":{"rendered":"De lo presencial a lo virtual: nuestra experiencia desde el Diplomado"},"content":{"rendered":"<p>La situaci\u00f3n actual nos oblig\u00f3 a modificar nuestra din\u00e1mica, pero no nuestros contenidos ni nuestros compromisos asumidos con los 30 participantes de la octava edici\u00f3n de nuestro Diplomado en Liderazgo y Colaboraci\u00f3n.<br \/>\nHemos enfrentado diversos desaf\u00edos como organizaci\u00f3n, tanto tecnol\u00f3gicos\u00a0como de conectividad, en un pa\u00eds donde el 71% de la poblaci\u00f3n no tiene servicio de internet fija en su hogar. A pesar de todas estas dificultades, ya estamos llegando al quinto y \u00faltimo m\u00f3dulo de nuestro Diplomado, con una participaci\u00f3n activa y gracias al compromiso de nuestros participantes.<br \/>\nPara lograrlo, pasamos de una modalidad presencial de dos horas por mes durante 6 meses a una modalidad virtual de sesiones semanales de una hora. A estas sesiones le sumamos reuniones para despejar dudas sobre contenidos del Diplomado, acompa\u00f1amiento de mentoring individual (gracias al aporte voluntario de parte de egresados de ediciones anteriores), y los participantes se organizaron para tratar temas de inter\u00e9s com\u00fan planteados por ellos en sesiones los d\u00edas s\u00e1bado.<\/p>\n<p>En este camino, a pesar de la distancia f\u00edsica (no social), nos hemos encontrado con nuestros participantes y sus historias que nos inspiran. Como las palabras que nos regal\u00f3 Eva Vanneste, participante y colaboradora de ALG, sobre su experiencia y participaci\u00f3n:<\/p>\n<p><em>'Aunque cuesta a veces apartar el tiempo para poder partcipar en todas las actividades, preparar y hacer tareas, \u00a1es tan enriquecedor y precioso poder aprender y compartir en la comunidad ALG! Cada Webinar, cada presentaci\u00f3n, cada C\u00edrculo de Confianza, cada Caf\u00e9 Virtual, cada S\u00e1bado de Comunidad, cada Mi\u00e9rcoles de Dudas, cada llamada con mi mentora, cada intercambio con l@s co diplomand@s y cada aventura (as\u00ed llaman a las tareas) y retroalimentaci\u00f3n sobre ellas es un gran aprendizaje y siento que estoy creciendo y transformando much\u00edsimo! <\/em><\/p>\n<p><em>Nunca me v\u00ed c\u00f3mo l\u00edder pero much@s me dicen que lo soy como \"inspiradora\" en cuanto a buenas pr\u00e1cticas ecol\u00f3gicas. Y adem\u00e1s, tod@s somos l\u00edderes en nuestros m\u00faltiples espacios de influencia, empezando por el espacio personal interno.'<\/em><br \/>\nComo Eva, acompa\u00f1amos en este camino a otros 26 l\u00edderes, otras 26 historias que confiaron en ALG para seguir formando comunidad y compartiendo conocimientos y saberes. Ya llegar\u00e1 el momento de la celebraci\u00f3n y entrega de diplomas en forma presencial. \u00a1Celebramos y felicitamos a nuestros participantes por la constancia y la entrega en estos tiempos desafiantes!<\/p>","protected":false},"excerpt":{"rendered":"<p>La situaci\u00f3n actual nos oblig\u00f3 a modificar nuestra din\u00e1mica, pero no nuestros contenidos ni nuestros compromisos asumidos con los 30 participantes de la octava edici\u00f3n de nuestro Diplomado en Liderazgo y Colaboraci\u00f3n. Hemos enfrentado diversos desaf\u00edos como organizaci\u00f3n, tanto tecnol\u00f3gicos\u00a0como de conectividad, en un pa\u00eds donde el 71% de la poblaci\u00f3n no tiene servicio de [&hellip;]<\/p>","protected":false},"author":3,"featured_media":0,"comment_status":"open","ping_status":"open","sticky":false,"template":"","format":"standard","meta":{"_acf_changed":false,"footnotes":""},"categories":[28],"tags":[],"class_list":["post-4907","post","type-post","status-publish","format-standard","hentry","category-sin-categorizar"],"acf":[],"_links":{"self":[{"href":"https:\/\/www.circulaguatemala.org\/en\/wp-json\/wp\/v2\/posts\/4907"}],"collection":[{"href":"https:\/\/www.circulaguatemala.org\/en\/wp-json\/wp\/v2\/posts"}],"about":[{"href":"https:\/\/www.circulaguatemala.org\/en\/wp-json\/wp\/v2\/types\/post"}],"author":[{"embeddable":true,"href":"https:\/\/www.circulaguatemala.org\/en\/wp-json\/wp\/v2\/users\/3"}],"replies":[{"embeddable":true,"href":"https:\/\/www.circulaguatemala.org\/en\/wp-json\/wp\/v2\/comments?post=4907"}],"version-history":[{"count":0,"href":"https:\/\/www.circulaguatemala.org\/en\/wp-json\/wp\/v2\/posts\/4907\/revisions"}],"wp:attachment":[{"href":"https:\/\/www.circulaguatemala.org\/en\/wp-json\/wp\/v2\/media?parent=4907"}],"wp:term":[{"taxonomy":"category","embeddable":true,"href":"https:\/\/www.circulaguatemala.org\/en\/wp-json\/wp\/v2\/categories?post=4907"},{"taxonomy":"post_tag","embeddable":true,"href":"https:\/\/www.circulaguatemala.org\/en\/wp-json\/wp\/v2\/tags?post=4907"}],"curies":[{"name":"wp","href":"https:\/\/api.w.org\/{rel}","templated":true}]}}