{"id":4910,"date":"2020-08-04T18:55:28","date_gmt":"2020-08-04T18:55:28","guid":{"rendered":"http:\/\/liderazgoguatemala.org\/?p=4910"},"modified":"2020-08-04T18:55:28","modified_gmt":"2020-08-04T18:55:28","slug":"resiliencia-en-tiempos-dificiles-la-experiencia-de-francisca","status":"publish","type":"post","link":"https:\/\/www.circulaguatemala.org\/en\/resiliencia-en-tiempos-dificiles-la-experiencia-de-francisca\/","title":{"rendered":"Resiliencia en tiempos dif\u00edciles: la experiencia de Francisca"},"content":{"rendered":"<div class=\"\" data-block=\"true\" data-editor=\"cngtg\" data-offset-key=\"57f4a-0-0\">\n<div class=\"_1mf _1mj\" data-offset-key=\"57f4a-0-0\"><span data-offset-key=\"57f4a-0-0\">El viernes 31 se realiz\u00f3 el conversatorio \u2018Educaci\u00f3n de los pueblos ind\u00edgenas en la nueva normalidad\u2019, en la que particip\u00f3 Francisca Domingo, participante de nuestro Diplomado en Liderazgo y Colaboraci\u00f3n en 2019. Francisca es originaria de\u00a0San Ildefonso Ixtahuac\u00e1n, Huehuetenango, y es fundadora y miembro activa\u00a0el Consejo Consultivo Regional de Educaci\u00f3n Biling\u00fce Intercultural (CCR EBI).<\/span><\/div>\n<div data-offset-key=\"57f4a-0-0\"><\/div>\n<\/div>\n<div class=\"\" data-block=\"true\" data-editor=\"cngtg\" data-offset-key=\"lh96-0-0\">\n<div class=\"_1mf _1mj\" data-offset-key=\"lh96-0-0\"><em>\u2018En esta charla, se abordaron los desaf\u00edos que enfrentan los pueblos ind\u00edgenas de mantener la educaci\u00f3n tradicional en el contexto de la pandemia. Aun cuando la pandemia no afect\u00f3 el d\u00eda a d\u00eda de los adultos qui\u00e9nes siguen trabajando del campo para conseguir su sustento, s\u00ed representa un desaf\u00edo enorme para la educaci\u00f3n de los m\u00e1s chicos. Se busc\u00f3 ver la educaci\u00f3n desde la nueva normalidad, como los j\u00f3venes la asumen como tal'.\u00a0<\/em>El conversatorio reuni\u00f3 a distintos l\u00edderes de comunidades que expusieron las dificultades y desaf\u00edos que enfrentan los pueblos originarios con la irrupci\u00f3n de la pandemia en Guatemala.<\/div>\n<div data-offset-key=\"lh96-0-0\"><\/div>\n<\/div>\n<div class=\"\" data-block=\"true\" data-editor=\"cngtg\" data-offset-key=\"77mq4-0-0\">\n<div class=\"_1mf _1mj\" data-offset-key=\"77mq4-0-0\"><span data-offset-key=\"77mq4-0-0\">Sobre su experiencia con ALG, Francisca nos cuenta que <em>'<\/em><\/span><em>ALG ha sido y es una alternancia para los liderazgos y su formaci\u00f3n puesto que primero nos ense\u00f1an a conocernos a nosotros mismos desde dentro. Si yo me empiezo a encontrar a mi misma s\u00e9 para donde voy a liderar. Ha fomentado mi determinaci\u00f3n para alcanzar metas, nos ense\u00f1an a vivir en comunidad.<\/em><\/div>\n<div data-offset-key=\"77mq4-0-0\"><\/div>\n<\/div>\n<div class=\"\" data-block=\"true\" data-editor=\"cngtg\" data-offset-key=\"6o0v4-0-0\">\n<div class=\"_1mf _1mj\" data-offset-key=\"6o0v4-0-0\"><em>ALG no es una instituci\u00f3n ni organizaci\u00f3n m\u00e1s, trasciende lo te\u00f3rico, desde el 'yo s\u00e9', pero nadie mira c\u00f3mo son los participantes. Hay una consistencia de acompa\u00f1amiento para sentirnos en comunidad y familia y sentimos que estamos en un espacio seguro donde podemos transmitir todo tipo de sentimiento, y desde ah\u00ed vencemos obst\u00e1culos y alcanzamos metas\u2019.<\/em><\/div>\n<\/div>","protected":false},"excerpt":{"rendered":"<p>El viernes 31 se realiz\u00f3 el conversatorio \u2018Educaci\u00f3n de los pueblos ind\u00edgenas en la nueva normalidad\u2019, en la que particip\u00f3 Francisca Domingo, participante de nuestro Diplomado en Liderazgo y Colaboraci\u00f3n en 2019. Francisca es originaria de\u00a0San Ildefonso Ixtahuac\u00e1n, Huehuetenango, y es fundadora y miembro activa\u00a0el Consejo Consultivo Regional de Educaci\u00f3n Biling\u00fce Intercultural (CCR EBI). \u2018En [&hellip;]<\/p>","protected":false},"author":3,"featured_media":5549,"comment_status":"open","ping_status":"open","sticky":false,"template":"","format":"standard","meta":{"_acf_changed":false,"footnotes":""},"categories":[28],"tags":[],"class_list":["post-4910","post","type-post","status-publish","format-standard","has-post-thumbnail","hentry","category-sin-categorizar"],"acf":[],"_links":{"self":[{"href":"https:\/\/www.circulaguatemala.org\/en\/wp-json\/wp\/v2\/posts\/4910"}],"collection":[{"href":"https:\/\/www.circulaguatemala.org\/en\/wp-json\/wp\/v2\/posts"}],"about":[{"href":"https:\/\/www.circulaguatemala.org\/en\/wp-json\/wp\/v2\/types\/post"}],"author":[{"embeddable":true,"href":"https:\/\/www.circulaguatemala.org\/en\/wp-json\/wp\/v2\/users\/3"}],"replies":[{"embeddable":true,"href":"https:\/\/www.circulaguatemala.org\/en\/wp-json\/wp\/v2\/comments?post=4910"}],"version-history":[{"count":0,"href":"https:\/\/www.circulaguatemala.org\/en\/wp-json\/wp\/v2\/posts\/4910\/revisions"}],"wp:featuredmedia":[{"embeddable":true,"href":"https:\/\/www.circulaguatemala.org\/en\/wp-json\/wp\/v2\/media\/5549"}],"wp:attachment":[{"href":"https:\/\/www.circulaguatemala.org\/en\/wp-json\/wp\/v2\/media?parent=4910"}],"wp:term":[{"taxonomy":"category","embeddable":true,"href":"https:\/\/www.circulaguatemala.org\/en\/wp-json\/wp\/v2\/categories?post=4910"},{"taxonomy":"post_tag","embeddable":true,"href":"https:\/\/www.circulaguatemala.org\/en\/wp-json\/wp\/v2\/tags?post=4910"}],"curies":[{"name":"wp","href":"https:\/\/api.w.org\/{rel}","templated":true}]}}