{"id":6890,"date":"2023-01-09T16:16:44","date_gmt":"2023-01-09T20:16:44","guid":{"rendered":"https:\/\/liderazgoguatemala.org\/?p=6890"},"modified":"2023-01-09T16:16:44","modified_gmt":"2023-01-09T20:16:44","slug":"un-recurso-para-iniciar-junto-a-tu-equipo","status":"publish","type":"post","link":"https:\/\/www.circulaguatemala.org\/en\/un-recurso-para-iniciar-junto-a-tu-equipo\/","title":{"rendered":"Un recurso para iniciar el a\u00f1o junto a tu equipo"},"content":{"rendered":"<p><\/p>\n\n\n\n<p><\/p>\n\n\n\n<p><em>Escrito por Flor Garc\u00eda Mencos, Directora Ejecutiva.<\/em><\/p>\n\n\n\n<p>Cada nuevo a\u00f1o arranca con toda su energ\u00eda, trae ideas de cosas por hacer y tambi\u00e9n algunos pendientes del a\u00f1o anterior. Es enero, y quitamos nuestro dedo del bot\u00f3n de pausa que nos dio un tiempo desconectado en la temporada navide\u00f1a. Los equipos se vuelven a encontrar y pronto estar\u00e1n trabajando a todo vapor.<br>Como l\u00edder, es posible que durante la pausa pensaras en cosas que quieres innovar, o cosas que necesitas retomar m\u00e1s temprano que tarde, tu mente oficiosa lista para continuar con los compromisos. Sin embargo, vale la pena tomar un respiro y resistir la tentaci\u00f3n de entrar directamente a la agenda de trabajo. Considera para tu primera reuni\u00f3n del a\u00f1o, iniciar creando un espacio conducente para que todos puedan volver a verse y escucharse, la primera reuni\u00f3n puede poner el tono para el resto del a\u00f1o, as\u00ed que no corras. No necesitas abordar toda la informaci\u00f3n nueva ni distribuir todas las tareas en ese momento. \u00bfQu\u00e9 es lo importante hoy? \u00bfQu\u00e9 podr\u00eda proveer un sentido de bienvenida, seguridad y pertenencia a tu equipo? \u00bfQu\u00e9 te permitir\u00e1 a ti mismo como l\u00edder fortalecer las conexiones con tu equipo y entre el equipo mismo?<br>El enfoque de liderazgo restaurativo que vivimos y compartimos desde Circula, enfatiza el valor que tienen para individuos, equipos y colectivos los espacios seguros en los que todos son reconocidos. La intencionalidad del tiempo que inviertes en fortalecer ese espacio predispone a las personas a la colaboraci\u00f3n, genera un sentido de corresponsabilidad, de v\u00ednculo entre ellos y con la misi\u00f3n que les une. Es, en resumidas cuentas, una forma saludable de iniciar.<br>En nuestra primera reuni\u00f3n del a\u00f1o nos dimos la bienvenida, le\u00edmos un poema acerca de la esperanza de un nuevo a\u00f1o. Nos sentamos juntos en silencio procesando lo que escuchamos, compartimos aquello que nos habl\u00f3 m\u00e1s personalmente a cada uno y luego respondimos la pregunta \u00bfC\u00f3mo inicia este a\u00f1o para m\u00ed? Luego de esta apertura, pasamos a la agenda de trabajo.<br>Otras ideas para iniciar el a\u00f1o pueden ser jugar juntos, hacer un c\u00edrculo de di\u00e1logo, organizar un desayuno de convivencia, escuchar una canci\u00f3n inspiradora, alg\u00fan ritual de acuerdo a la cultura del grupo para bendecir el a\u00f1o, etc. Compartimos contigo el poema que le\u00edmos juntos.<\/p>\n\n\n\n<figure class=\"wp-block-image size-large\"><img loading=\"lazy\" decoding=\"async\" width=\"1024\" height=\"1024\" src=\"https:\/\/circulaguatemala.org\/wp-content\/uploads\/2023\/01\/Copia-de-DESAPRENDER-2-1024x1024.png\" alt=\"\" class=\"wp-image-6894\" srcset=\"https:\/\/www.circulaguatemala.org\/wp-content\/uploads\/2023\/01\/Copia-de-DESAPRENDER-2-1024x1024.png 1024w, https:\/\/www.circulaguatemala.org\/wp-content\/uploads\/2023\/01\/Copia-de-DESAPRENDER-2-300x300.png 300w, https:\/\/www.circulaguatemala.org\/wp-content\/uploads\/2023\/01\/Copia-de-DESAPRENDER-2-150x150.png 150w, https:\/\/www.circulaguatemala.org\/wp-content\/uploads\/2023\/01\/Copia-de-DESAPRENDER-2-768x768.png 768w, https:\/\/www.circulaguatemala.org\/wp-content\/uploads\/2023\/01\/Copia-de-DESAPRENDER-2-12x12.png 12w, https:\/\/www.circulaguatemala.org\/wp-content\/uploads\/2023\/01\/Copia-de-DESAPRENDER-2.png 1080w\" sizes=\"(max-width: 1024px) 100vw, 1024px\" \/><figcaption><em>Bendici\u00f3n para el a\u00f1o nuevo. Escrito por Kayleen Asbo.<\/em><\/figcaption><\/figure>","protected":false},"excerpt":{"rendered":"<p>Escrito por Flor Garc\u00eda Mencos, Directora Ejecutiva. Cada nuevo a\u00f1o arranca con toda su energ\u00eda, trae ideas de cosas por hacer y tambi\u00e9n algunos pendientes del a\u00f1o anterior. Es enero, y quitamos nuestro dedo del bot\u00f3n de pausa que nos dio un tiempo desconectado en la temporada navide\u00f1a. Los equipos se vuelven a encontrar y [&hellip;]<\/p>","protected":false},"author":5,"featured_media":6898,"comment_status":"open","ping_status":"open","sticky":false,"template":"","format":"standard","meta":{"_acf_changed":false,"footnotes":""},"categories":[18],"tags":[43,34,44,45,20],"class_list":["post-6890","post","type-post","status-publish","format-standard","has-post-thumbnail","hentry","category-blog-2","tag-autocuidado","tag-colaboracion","tag-cultura-laboral","tag-equipo-de-trabajo","tag-liderazgo"],"acf":[],"_links":{"self":[{"href":"https:\/\/www.circulaguatemala.org\/en\/wp-json\/wp\/v2\/posts\/6890"}],"collection":[{"href":"https:\/\/www.circulaguatemala.org\/en\/wp-json\/wp\/v2\/posts"}],"about":[{"href":"https:\/\/www.circulaguatemala.org\/en\/wp-json\/wp\/v2\/types\/post"}],"author":[{"embeddable":true,"href":"https:\/\/www.circulaguatemala.org\/en\/wp-json\/wp\/v2\/users\/5"}],"replies":[{"embeddable":true,"href":"https:\/\/www.circulaguatemala.org\/en\/wp-json\/wp\/v2\/comments?post=6890"}],"version-history":[{"count":0,"href":"https:\/\/www.circulaguatemala.org\/en\/wp-json\/wp\/v2\/posts\/6890\/revisions"}],"wp:featuredmedia":[{"embeddable":true,"href":"https:\/\/www.circulaguatemala.org\/en\/wp-json\/wp\/v2\/media\/6898"}],"wp:attachment":[{"href":"https:\/\/www.circulaguatemala.org\/en\/wp-json\/wp\/v2\/media?parent=6890"}],"wp:term":[{"taxonomy":"category","embeddable":true,"href":"https:\/\/www.circulaguatemala.org\/en\/wp-json\/wp\/v2\/categories?post=6890"},{"taxonomy":"post_tag","embeddable":true,"href":"https:\/\/www.circulaguatemala.org\/en\/wp-json\/wp\/v2\/tags?post=6890"}],"curies":[{"name":"wp","href":"https:\/\/api.w.org\/{rel}","templated":true}]}}