{"id":6954,"date":"2023-06-29T13:47:10","date_gmt":"2023-06-29T17:47:10","guid":{"rendered":"https:\/\/liderazgoguatemala.org\/?p=6954"},"modified":"2023-06-29T13:47:10","modified_gmt":"2023-06-29T17:47:10","slug":"las-mujeres-tambien-eramos-nosotras-2","status":"publish","type":"post","link":"https:\/\/www.circulaguatemala.org\/en\/las-mujeres-tambien-eramos-nosotras-2\/","title":{"rendered":"'Las mujeres' tambi\u00e9n \u00e9ramos nosotras"},"content":{"rendered":"<h2 class=\"has-large-font-size wp-block-heading\"><strong> 'Las mujeres' tambi\u00e9n \u00e9ramos nosotras <\/strong><\/h2>\n\n\n<div class=\"wp-block-image\">\n<figure class=\"alignleft size-full is-resized\"><img loading=\"lazy\" decoding=\"async\" src=\"https:\/\/circulaguatemala.org\/wp-content\/uploads\/2023\/05\/Untitled-design-3.png\" alt=\"\" class=\"wp-image-6933\" width=\"164\" height=\"137\" srcset=\"https:\/\/www.circulaguatemala.org\/wp-content\/uploads\/2023\/05\/Untitled-design-3.png 600w, https:\/\/www.circulaguatemala.org\/wp-content\/uploads\/2023\/05\/Untitled-design-3-300x250.png 300w, https:\/\/www.circulaguatemala.org\/wp-content\/uploads\/2023\/05\/Untitled-design-3-14x12.png 14w\" sizes=\"(max-width: 164px) 100vw, 164px\" \/><\/figure><\/div>\n\n\n<p><\/p>\n\n\n\n<p><\/p>\n\n\n\n<p class=\"has-small-font-size\">Escrito por: Flor Garc\u00eda, Directora Ejecutiva.<\/p>\n\n\n\n<p><\/p>\n\n\n\n<p><\/p>\n\n\n\n<p>Re Qasuut en Poqomchi\u2019 significa Nuestro C\u00edrculo. Es el nombre un proyecto cuya semilla se sembr\u00f3 hace un par de a\u00f1os en Santa Catarina Pinula, cuando desarrollamos un programa de liderazgo para un grupo de mujeres que eran madres y comerciantes informales. Quisimos darle al programa un enfoque restaurativo y hacer del proceso una oportunidad de dignificaci\u00f3n y sanaci\u00f3n, con esto en mente dise\u00f1amos un libro ilustrado, que cada mujer iba completando, como un diario. El diario de una lideresa\u00ae<\/p>\n\n\n\n<p>Fue un proceso transformador para ellas, ahora se reconoc\u00edan a s\u00ed mismas como lideresas, descubriendo que todo lo que necesitan para liderar en su vida, su familia y su comunidad, estaba ya dentro de ellas. En la riqueza de sus propias historias y en la fuerza de su sororidad.<\/p>\n\n\n\n<p>El diario de una lideresa\u00ae qued\u00f3 all\u00ed, esperando para extender sus p\u00e1ginas, como alas que le llevar\u00edan hasta las monta\u00f1as nubosas de San Crist\u00f3bal Verapaz, donde Dora Mir\u00f3n y Lourdes Cal, dos mujeres extraordinarias, dedican su vida a la reivindicaci\u00f3n de las mujeres que sufrieron las atrocidades del conflicto armado en Guatemala a trav\u00e9s de su trabajo en Asociaci\u00f3n Civil Verdad y Vida. Lourdes, quien es una lideresa Poqomchi\u2019, tambi\u00e9n es egresada de los programas de Liderazgo, Pr\u00e1cticas y Justicia Restaurativa que ofrecemos en Circula.<\/p>\n\n\n\n<p>A partir de ese v\u00ednculo, nos aliamos en un proyecto de Justicia Restaurativa con apoyo del FCAM para 180 lideresas de San Cristobal Verapaz. As\u00ed, El diario de una lideresa\u00ae se transform\u00f3 en Re Quasuut y creci\u00f3 cuando agregamos, adem\u00e1s de liderazgo, Practicas Restaurativas e introducci\u00f3n a Justicia Restaurativa. Todo en idioma Poqomchi\u2019 gracias al apoyo de Lourdes con la traducci\u00f3n.<\/p>\n\n\n\n<p><strong>Un ejercicio de monitoreo que result\u00f3 ser un espejo:<\/strong><\/p>\n\n\n\n<p>Tras varios meses desarrollando el programa, acordamos una reuni\u00f3n formal de monitoreo con nuestras colegas de Verdad y Vida. Dise\u00f1amos un formato creativo y participativo para la reuni\u00f3n y cuatro miembras del equipo Circula, involucradas en el dise\u00f1o, coordinaci\u00f3n y ejecuci\u00f3n del programa, nos dirigimos a la oficina de Verdad y Vida en el centro hist\u00f3rico de la ciudad de Guatemala. Juntas documentamos, celebramos los logros, exploramos los retos e indagamos acerca de diversos niveles de cambio y transformaci\u00f3n.<\/p>\n\n\n\n<p>Confirmamos que los avances son esperanzadores y el efecto del programa en las mujeres participantes es notable: est\u00e1n usando herramientas restaurativas para su organizaci\u00f3n comunitaria, est\u00e1n confiando m\u00e1s en ellas y honrando su voz. Nos emocionamos al hablar de los cambios evidentes y los sutiles.<\/p>\n\n\n\n<p>Y luego pas\u00f3 algo maravilloso. Las mujeres de ambas organizaciones empezamos a compartir c\u00f3mo nos ha impactado la forma de llevar a cabo el proyecto juntas, la \u00e9tica y sororidad de nuestra colaboraci\u00f3n.<\/p>\n\n\n\n<p>Hab\u00edamos estado hablando de 'las mujeres' del proyecto y ahora reconoc\u00edamos que nosotras tambi\u00e9n somos 'las mujeres' del proyecto. Hacemos juntas, desde el principio fundamental del enfoque restaurativo de <em>hacer CON<\/em>.<\/p>\n\n\n\n<p>Nos vimos unas a otras y afirmamos que s\u00ed, que desde la ternura y el respeto se pueden gestar movimientos poderosos, que nuestras acciones son acciones pol\u00edticas, que somos actoras de cambio y podemos trasformar realidades.<\/p>\n\n\n\n<p>Estamos viviendo y compartiendo entre nosotras y con las 180 lideresas Poqomchi\u2019 una experiencia de compromiso vivo con la memoria hist\u00f3rica, la verdad y la justicia. Nos honra saber que hemos aportado algo al camino de muchos a\u00f1os que Dora y Lourdes han abierto para la restauraci\u00f3n del tejido social y que en el proceso de hacerlo todas hemos crecido.<\/p>\n\n\n\n<p>Todas estamos poniendo el coraz\u00f3n en Re Qasuut, cuidando nuestros acuerdos, cuidado unas de otras y del espacio seguro de nuestra colaboraci\u00f3n. Satisfechas y llenas de esperanza, sonre\u00edmos, y luego, nosotras, 'las mujeres' tomamos caf\u00e9 y compartimos un pedazo de pastel.<\/p>","protected":false},"excerpt":{"rendered":"<p>'Las mujeres' tambi\u00e9n \u00e9ramos nosotras Escrito por: Flor Garc\u00eda, Directora Ejecutiva. Re Qasuut en Poqomchi\u2019 significa Nuestro C\u00edrculo. Es el nombre un proyecto cuya semilla se sembr\u00f3 hace un par de a\u00f1os en Santa Catarina Pinula, cuando desarrollamos un programa de liderazgo para un grupo de mujeres que eran madres y comerciantes informales. Quisimos darle [&hellip;]<\/p>","protected":false},"author":3,"featured_media":6955,"comment_status":"open","ping_status":"open","sticky":false,"template":"","format":"standard","meta":{"_acf_changed":false,"footnotes":""},"categories":[46,18,49,48],"tags":[37],"class_list":["post-6954","post","type-post","status-publish","format-standard","has-post-thumbnail","hentry","category-aprendizaje","category-blog-2","category-colaboracion","category-practicas-restaurativas","tag-voces-comunitarias"],"acf":[],"_links":{"self":[{"href":"https:\/\/www.circulaguatemala.org\/en\/wp-json\/wp\/v2\/posts\/6954"}],"collection":[{"href":"https:\/\/www.circulaguatemala.org\/en\/wp-json\/wp\/v2\/posts"}],"about":[{"href":"https:\/\/www.circulaguatemala.org\/en\/wp-json\/wp\/v2\/types\/post"}],"author":[{"embeddable":true,"href":"https:\/\/www.circulaguatemala.org\/en\/wp-json\/wp\/v2\/users\/3"}],"replies":[{"embeddable":true,"href":"https:\/\/www.circulaguatemala.org\/en\/wp-json\/wp\/v2\/comments?post=6954"}],"version-history":[{"count":0,"href":"https:\/\/www.circulaguatemala.org\/en\/wp-json\/wp\/v2\/posts\/6954\/revisions"}],"wp:featuredmedia":[{"embeddable":true,"href":"https:\/\/www.circulaguatemala.org\/en\/wp-json\/wp\/v2\/media\/6955"}],"wp:attachment":[{"href":"https:\/\/www.circulaguatemala.org\/en\/wp-json\/wp\/v2\/media?parent=6954"}],"wp:term":[{"taxonomy":"category","embeddable":true,"href":"https:\/\/www.circulaguatemala.org\/en\/wp-json\/wp\/v2\/categories?post=6954"},{"taxonomy":"post_tag","embeddable":true,"href":"https:\/\/www.circulaguatemala.org\/en\/wp-json\/wp\/v2\/tags?post=6954"}],"curies":[{"name":"wp","href":"https:\/\/api.w.org\/{rel}","templated":true}]}}